{"id":16148,"date":"2023-10-30T14:43:37","date_gmt":"2023-10-30T13:43:37","guid":{"rendered":"https:\/\/www.corsetdaum.be\/?p=16148"},"modified":"2025-01-22T15:05:25","modified_gmt":"2025-01-22T14:05:25","slug":"lessentiel-du-rachis-novembre-2023","status":"publish","type":"post","link":"https:\/\/www.corsetdaum.be\/nl\/lessentiel-du-rachis-novembre-2023\/","title":{"rendered":"L&rsquo;Essentiel du Rachis &#8211; Novembre 2023"},"content":{"rendered":"<div data-elementor-type=\"wp-post\" data-elementor-id=\"16148\" class=\"elementor elementor-16148\" data-elementor-post-type=\"post\">\n\t\t\t\t\t\t<section class=\"elementor-section elementor-top-section elementor-element elementor-element-32a1b10c elementor-section-boxed elementor-section-height-default elementor-section-height-default\" data-id=\"32a1b10c\" data-element_type=\"section\" data-e-type=\"section\">\n\t\t\t\t\t\t<div class=\"elementor-container elementor-column-gap-default\">\n\t\t\t\t\t<div class=\"elementor-column elementor-col-100 elementor-top-column elementor-element elementor-element-2149b2ef\" data-id=\"2149b2ef\" data-element_type=\"column\" data-e-type=\"column\">\n\t\t\t<div class=\"elementor-widget-wrap elementor-element-populated\">\n\t\t\t\t\t\t<div class=\"elementor-element elementor-element-6205959b elementor-widget__width-initial elementor-widget elementor-widget-text-editor\" data-id=\"6205959b\" data-element_type=\"widget\" data-e-type=\"widget\" data-widget_type=\"text-editor.default\">\n\t\t\t\t<div class=\"elementor-widget-container\">\n\t\t\t\t\t\t\t\t\t<p><\/p>\n<p>Chaque mois, Corset Daum rassemble les \u00e9tudes scientifiques les plus int\u00e9ressantes concernant le rachis et le traitement des pathologies qui l&rsquo;affectent.<\/p>\n<p>Ce mois-ci, nous abordons&nbsp;l&rsquo;utilisation innovante de l&rsquo;apprentissage automatique pour pr\u00e9dire les r\u00e9sultats chirurgicaux de l&rsquo;arthrod\u00e8se lombaire, les implications cruciales des fractures ost\u00e9oporotiques sur l&rsquo;alignement de la colonne vert\u00e9brale, les bienfaits de la r\u00e9\u00e9ducation post-chirurgicale pour les probl\u00e8mes lombaires courants, et une analyse r\u00e9trospective du r\u00f4le du volume de la discectomie dans la r\u00e9cidive pr\u00e9coce de la hernie discale lombaire.<\/p>\n<p>Bonne lecture !<\/p>\n<p><\/p>\n<p><!-- notionvc: f59126c0-2d8b-4bc7-b776-c4abc6b668d3 --><\/p>\n<h2 class=\"wp-block-heading\">Pr\u00e9dire les r\u00e9sultats postop\u00e9ratoires de l&rsquo;arthrod\u00e8se spinale lombaire : d\u00e9veloppement d&rsquo;un mod\u00e8le d&rsquo;apprentissage automatique<\/h2>\n<div data-pm-slice=\"1 1 []\" data-en-clipboard=\"true\">\n<p><i>Lukas Sch\u00f6nnagel, Thomas Caffard , Tu-Lan Vu-Han, Jiaqi Zhu, Isaac Nathoo, Kyle Finos, Gaston Camino-Willhuber, Soji Tani, Ali. E. Guven, et al<\/i><br><\/p><p>Cette \u00e9tude se concentre sur l&rsquo;utilisation de l&rsquo;apprentissage automatique pour pr\u00e9dire les r\u00e9sultats chirurgicaux chez les patients atteints de spondylolisth\u00e9sis lombaire d\u00e9g\u00e9n\u00e9ratif (DLS) lors de chirurgies de fusion vert\u00e9brale.&nbsp;<\/p>\n<p>Les chercheurs ont analys\u00e9 les donn\u00e9es de patients subissant cette intervention entre janvier 2016 et d\u00e9cembre 2018 aux \u00c9tats-Unis.&nbsp;<\/p>\n<p>En utilisant des caract\u00e9ristiques pr\u00e9op\u00e9ratoires telles que les donn\u00e9es d\u00e9mographiques, les comorbidit\u00e9s et les caract\u00e9ristiques radiologiques, ils ont form\u00e9 des mod\u00e8les d&rsquo;apprentissage automatique.&nbsp;<\/p>\n<p>Le mod\u00e8le XGBoost s&rsquo;est d\u00e9marqu\u00e9 avec un score AUC de 0,81, indiquant une performance solide, et a identifi\u00e9 l&rsquo;\u00e2ge du patient et l&rsquo;atrophie des muscles paravert\u00e9braux comme des facteurs importants dans la pr\u00e9diction des r\u00e9sultats postop\u00e9ratoires.&nbsp;<\/p>\n<p>Cette approche novatrice ouvre la voie \u00e0 de nouvelles m\u00e9thodes pour anticiper les r\u00e9sultats chirurgicaux et am\u00e9liorer les soins aux patients.<!-- notionvc: 1c837135-529b-4785-8b88-5c4f01771dde --><\/p>\n<\/div>\n<p><\/p>\n<p><a href=\"https:\/\/www.sciencedirect.com\/science\/article\/abs\/pii\/S152994302303437X\">Disponible sur&nbsp;Science Direct<\/a><\/p>\n<p><\/p>\n<h2 class=\"wp-block-heading\">Les fractures vert\u00e9brales ost\u00e9oporotiques localis\u00e9es dans la r\u00e9gion lombaire ont un impact significatif sur l&rsquo;alignement sagittal<\/h2>\n<p><\/p>\n<p><i>Nicolas Plais, Jes\u00fas Gallego Bustos, Ignacio Mahillo-Fern\u00e1ndez, Felix Tom\u00e9-Bermejo, Charles Mengis, Luis Alvarez-Galovich<\/i><\/p>\n<div data-pm-slice=\"1 1 []\" data-en-clipboard=\"true\">\n<p>Les fractures lombaires et\/ou les fractures multiples au niveau lombaire ou thoracolombaire constituent des facteurs de risque de d\u00e9salignement sagittal chez les patients \u00e2g\u00e9s de plus de 70 ans.<\/p>\n<p>&nbsp;Bien que les patients pr\u00e9sentant des fractures vert\u00e9brales ost\u00e9oporotiques montrent une capacit\u00e9 importante \u00e0 compenser apr\u00e8s de telles fractures, il est n\u00e9cessaire de surveiller de pr\u00e8s les fractures lombaires et thoracolombaires.&nbsp;<\/p>\n<p>Dans le cadre de cette \u00e9tude, les chercheurs ont r\u00e9alis\u00e9 une \u00e9tude r\u00e9trospective portant sur une cohorte de 249 patients \u00e2g\u00e9s de plus de 70 ans, tous atteints d&rsquo;ost\u00e9oporose et ayant souffert de fractures vert\u00e9brales chroniques.&nbsp;<\/p>\n<p>Ils ont recueilli des donn\u00e9es d\u00e9mographiques et radiologiques, et effectu\u00e9 des radiographies lat\u00e9rales de la colonne vert\u00e9brale compl\u00e8te pour analyser le plan sagittal.&nbsp;<\/p>\n<p>Les patients ont \u00e9t\u00e9 class\u00e9s en fonction du nombre et de l&#8217;emplacement des fractures.&nbsp;<\/p>\n<p>Les r\u00e9sultats ont montr\u00e9 que les fractures lombaires, en particulier, sont associ\u00e9es \u00e0 un risque accru de d\u00e9salignement sagittal, soulignant ainsi la n\u00e9cessit\u00e9 d&rsquo;une surveillance \u00e9troite pour ce groupe de patients \u00e2g\u00e9s.<!-- notionvc: 2bd40929-fdd4-4487-9d2a-2438a7f3686b --><\/p>\n<\/div>\n<p><\/p>\n<p><a href=\"https:\/\/link.springer.com\/article\/10.1007\/s00198-023-06936-y\">Disponible sur&nbsp;Springer<\/a><\/p>\n<p><\/p>\n<h2 class=\"wp-block-heading\">R\u00e9\u00e9ducation apr\u00e8s chirurgie du rachis lombaire chez l&rsquo;adulte : revue syst\u00e9matique avec m\u00e9ta-analyse<!-- notionvc: 50aa7bb4-fdcd-4a51-8a96-aea4546680a9 --><\/h2>\n<p><\/p>\n<p><i>Tiziana Manni, Nicola Ferri, Carla Vanti, Silvano Ferrari, Ilaria Cuoghi, Claudia Gaeta, Isabella Sgaravatti, Paolo Pillastrini<\/i><\/p>\n<p><\/p>\n<p>Une r\u00e9cente revue syst\u00e9matique s&rsquo;est pench\u00e9e sur l&rsquo;efficacit\u00e9 de la r\u00e9\u00e9ducation post-chirurgicale pour des probl\u00e8mes lombaires courants tels que la hernie discale lombaire, la st\u00e9nose spinale et le spondylolisth\u00e9sis.&nbsp;<\/p>\n<p>Les chercheurs ont examin\u00e9 45 \u00e9tudes portant sur plus de 3 000 patients. Leurs r\u00e9sultats sugg\u00e8rent que la r\u00e9\u00e9ducation supervis\u00e9e semble offrir des bienfaits en termes de r\u00e9duction de la douleur et de l&rsquo;incapacit\u00e9 chez les patients ayant subi une intervention lombaire, tant \u00e0 court qu&rsquo;\u00e0 moyen terme.&nbsp;<\/p>\n<p>Cependant, des recherches compl\u00e9mentaires sont n\u00e9cessaires, notamment pour mieux comprendre l&rsquo;efficacit\u00e9 de la r\u00e9\u00e9ducation dans le contexte de la st\u00e9nose spinale lombaire et du spondylolisth\u00e9sis, en raison de la limitation actuelle en termes de qualit\u00e9 et de quantit\u00e9 des donn\u00e9es disponibles.<!-- notionvc: 0f03c929-93ea-4de6-bd8a-120326cc8971 --><\/p>\n<p><a href=\"https:\/\/link.springer.com\/article\/10.1186\/s40945-023-00175-4\">Disponible sur Springer<\/a><\/p>\n<p><\/p>\n<h2 class=\"wp-block-heading\">R\u00e9cidive pr\u00e9coce de la hernie discale lombaire : Analyse r\u00e9trospective du r\u00f4le du volume de la discectomie et d&rsquo;autres facteurs d&rsquo;influence<!-- notionvc: 725fb250-76f2-43e3-ace7-1e4bd84618b7 --><\/h2>\n<p><\/p>\n<p><i>Derya KARAO\u011eLU G\u00dcNDO\u011eDU, Burak GEZER, Ender K\u00d6KTEK\u0130R, Hakan KARABA\u011eLI<\/i><\/p>\n<p>Cette \u00e9tude se penche sur les cas de \u00ab\u00a0R\u00e9currence Pr\u00e9coce\u00a0\u00bb suite \u00e0 une hernie discale lombaire.&nbsp;<\/p>\n<p>Elle analyse les donn\u00e9es de 856 patients op\u00e9r\u00e9s pour hernie r\u00e9currente entre 2012 et 2022.&nbsp;<\/p>\n<p>Les chercheurs ont \u00e9largi la d\u00e9finition de \u00ab\u00a0r\u00e9cidive pr\u00e9coce\u00a0\u00bb et inclus 43 patients correspondant aux crit\u00e8res.&nbsp;<\/p>\n<p>Les r\u00e9sultats montrent que l&rsquo;\u00e2ge, le sexe et les comorbidit\u00e9s n&rsquo;ont pas de diff\u00e9rence significative entre les patients n\u00e9cessitant une r\u00e9intervention dans les 6 premiers mois et ceux n\u00e9cessitant une r\u00e9intervention entre 6 et 12 mois.&nbsp;<\/p>\n<p>Une observation int\u00e9ressante est que les m\u00e9thodes endoscopiques compl\u00e8tes et microscopiques pr\u00e9sentent des taux de r\u00e9cidive pr\u00e9coce similaires, remettant en question l&rsquo;importance du volume de disque retir\u00e9 lors de la chirurgie.&nbsp;<\/p>\n<p>Ces r\u00e9sultats ouvrent la voie \u00e0 de futures recherches.<!-- notionvc: 70e6a653-a478-4c9c-9c2d-3bbd79bd5778 --><\/p>\n<p><\/p>\n<p><a href=\"https:\/\/dergipark.org.tr\/en\/pub\/ntms\/issue\/80450\/1356688\">Disponible sur Dergipark<\/a><\/p>\n<p><\/p>\n<p>Restez \u00e0 jour en vous abonnant \u00e0 la newsletter!<\/p>\n<p><\/p>\t\t\t\t\t\t\t\t<\/div>\n\t\t\t\t<\/div>\n\t\t\t\t\t<\/div>\n\t\t<\/div>\n\t\t\t\t\t<\/div>\n\t\t<\/section>\n\t\t\t\t<\/div>","protected":false},"excerpt":{"rendered":"<p>Chaque mois, Corset Daum rassemble les \u00e9tudes scientifiques les plus int\u00e9ressantes concernant le rachis et le traitement des pathologies qui &#8230; <a title=\"L&rsquo;Essentiel du Rachis &#8211; Novembre 2023\" class=\"read-more\" href=\"https:\/\/www.corsetdaum.be\/nl\/lessentiel-du-rachis-novembre-2023\/\">Lire plus<\/a><\/p>","protected":false},"author":9,"featured_media":16149,"comment_status":"open","ping_status":"open","sticky":false,"template":"","format":"standard","meta":{"footnotes":""},"categories":[30],"tags":[],"class_list":["post-16148","post","type-post","status-publish","format-standard","has-post-thumbnail","hentry","category-edr","generate-columns","tablet-grid-50","mobile-grid-100","grid-parent","grid-50"],"yoast_head":"<!-- This site is optimized with the Yoast SEO plugin v27.5 - https:\/\/yoast.com\/product\/yoast-seo-wordpress\/ -->\n<title>L&#039;Essentiel du Rachis - Novembre 2023 - Corset DAUM<\/title>\n<meta name=\"robots\" content=\"index, follow, max-snippet:-1, max-image-preview:large, max-video-preview:-1\" \/>\n<link rel=\"canonical\" href=\"https:\/\/www.corsetdaum.be\/nl\/lessentiel-du-rachis-novembre-2023\/\" \/>\n<meta property=\"og:locale\" content=\"nl_BE\" \/>\n<meta property=\"og:type\" content=\"article\" \/>\n<meta property=\"og:title\" content=\"L&#039;Essentiel du Rachis - Novembre 2023 - Corset DAUM\" \/>\n<meta property=\"og:description\" content=\"Chaque mois, Corset Daum rassemble les \u00e9tudes scientifiques les plus int\u00e9ressantes concernant le rachis et le traitement des pathologies qui ... Lire plus\" \/>\n<meta property=\"og:url\" content=\"https:\/\/www.corsetdaum.be\/nl\/lessentiel-du-rachis-novembre-2023\/\" \/>\n<meta property=\"og:site_name\" content=\"Corset DAUM\" \/>\n<meta property=\"article:published_time\" content=\"2023-10-30T13:43:37+00:00\" \/>\n<meta property=\"article:modified_time\" content=\"2025-01-22T14:05:25+00:00\" \/>\n<meta property=\"og:image\" content=\"https:\/\/www.corsetdaum.be\/wp-content\/uploads\/2023\/10\/EDR-6.jpeg\" \/>\n\t<meta property=\"og:image:width\" content=\"1920\" \/>\n\t<meta property=\"og:image:height\" content=\"1080\" \/>\n\t<meta property=\"og:image:type\" content=\"image\/jpeg\" \/>\n<meta name=\"author\" content=\"forster\" \/>\n<meta name=\"twitter:card\" content=\"summary_large_image\" \/>\n<meta name=\"twitter:label1\" content=\"Geschreven door\" \/>\n\t<meta name=\"twitter:data1\" content=\"forster\" \/>\n\t<meta name=\"twitter:label2\" content=\"Geschatte leestijd\" \/>\n\t<meta name=\"twitter:data2\" content=\"4 minuten\" \/>\n<script type=\"application\/ld+json\" class=\"yoast-schema-graph\">{\"@context\":\"https:\\\/\\\/schema.org\",\"@graph\":[{\"@type\":\"Article\",\"@id\":\"https:\\\/\\\/www.corsetdaum.be\\\/lessentiel-du-rachis-novembre-2023\\\/#article\",\"isPartOf\":{\"@id\":\"https:\\\/\\\/www.corsetdaum.be\\\/lessentiel-du-rachis-novembre-2023\\\/\"},\"author\":{\"name\":\"forster\",\"@id\":\"https:\\\/\\\/www.corsetdaum.be\\\/#\\\/schema\\\/person\\\/67c822ddd09116432051fff18851b01d\"},\"headline\":\"L&rsquo;Essentiel du Rachis &#8211; Novembre 2023\",\"datePublished\":\"2023-10-30T13:43:37+00:00\",\"dateModified\":\"2025-01-22T14:05:25+00:00\",\"mainEntityOfPage\":{\"@id\":\"https:\\\/\\\/www.corsetdaum.be\\\/lessentiel-du-rachis-novembre-2023\\\/\"},\"wordCount\":921,\"commentCount\":0,\"publisher\":{\"@id\":\"https:\\\/\\\/www.corsetdaum.be\\\/#organization\"},\"image\":{\"@id\":\"https:\\\/\\\/www.corsetdaum.be\\\/lessentiel-du-rachis-novembre-2023\\\/#primaryimage\"},\"thumbnailUrl\":\"https:\\\/\\\/www.corsetdaum.be\\\/wp-content\\\/uploads\\\/2023\\\/10\\\/EDR-6.jpeg\",\"articleSection\":[\"L'Essentiel du Rachis\"],\"inLanguage\":\"nl-BE\",\"potentialAction\":[{\"@type\":\"CommentAction\",\"name\":\"Comment\",\"target\":[\"https:\\\/\\\/www.corsetdaum.be\\\/lessentiel-du-rachis-novembre-2023\\\/#respond\"]}]},{\"@type\":\"WebPage\",\"@id\":\"https:\\\/\\\/www.corsetdaum.be\\\/lessentiel-du-rachis-novembre-2023\\\/\",\"url\":\"https:\\\/\\\/www.corsetdaum.be\\\/lessentiel-du-rachis-novembre-2023\\\/\",\"name\":\"L'Essentiel du Rachis - Novembre 2023 - Corset DAUM\",\"isPartOf\":{\"@id\":\"https:\\\/\\\/www.corsetdaum.be\\\/#website\"},\"primaryImageOfPage\":{\"@id\":\"https:\\\/\\\/www.corsetdaum.be\\\/lessentiel-du-rachis-novembre-2023\\\/#primaryimage\"},\"image\":{\"@id\":\"https:\\\/\\\/www.corsetdaum.be\\\/lessentiel-du-rachis-novembre-2023\\\/#primaryimage\"},\"thumbnailUrl\":\"https:\\\/\\\/www.corsetdaum.be\\\/wp-content\\\/uploads\\\/2023\\\/10\\\/EDR-6.jpeg\",\"datePublished\":\"2023-10-30T13:43:37+00:00\",\"dateModified\":\"2025-01-22T14:05:25+00:00\",\"breadcrumb\":{\"@id\":\"https:\\\/\\\/www.corsetdaum.be\\\/lessentiel-du-rachis-novembre-2023\\\/#breadcrumb\"},\"inLanguage\":\"nl-BE\",\"potentialAction\":[{\"@type\":\"ReadAction\",\"target\":[\"https:\\\/\\\/www.corsetdaum.be\\\/lessentiel-du-rachis-novembre-2023\\\/\"]}]},{\"@type\":\"ImageObject\",\"inLanguage\":\"nl-BE\",\"@id\":\"https:\\\/\\\/www.corsetdaum.be\\\/lessentiel-du-rachis-novembre-2023\\\/#primaryimage\",\"url\":\"https:\\\/\\\/www.corsetdaum.be\\\/wp-content\\\/uploads\\\/2023\\\/10\\\/EDR-6.jpeg\",\"contentUrl\":\"https:\\\/\\\/www.corsetdaum.be\\\/wp-content\\\/uploads\\\/2023\\\/10\\\/EDR-6.jpeg\",\"width\":1920,\"height\":1080},{\"@type\":\"BreadcrumbList\",\"@id\":\"https:\\\/\\\/www.corsetdaum.be\\\/lessentiel-du-rachis-novembre-2023\\\/#breadcrumb\",\"itemListElement\":[{\"@type\":\"ListItem\",\"position\":1,\"name\":\"Accueil\",\"item\":\"https:\\\/\\\/www.corsetdaum.be\\\/\"},{\"@type\":\"ListItem\",\"position\":2,\"name\":\"L&rsquo;Essentiel du Rachis &#8211; Novembre 2023\"}]},{\"@type\":\"WebSite\",\"@id\":\"https:\\\/\\\/www.corsetdaum.be\\\/#website\",\"url\":\"https:\\\/\\\/www.corsetdaum.be\\\/\",\"name\":\"Corset DAUM\",\"description\":\"Retrouver la libert\u00e9 de bouger !\",\"publisher\":{\"@id\":\"https:\\\/\\\/www.corsetdaum.be\\\/#organization\"},\"potentialAction\":[{\"@type\":\"SearchAction\",\"target\":{\"@type\":\"EntryPoint\",\"urlTemplate\":\"https:\\\/\\\/www.corsetdaum.be\\\/?s={search_term_string}\"},\"query-input\":{\"@type\":\"PropertyValueSpecification\",\"valueRequired\":true,\"valueName\":\"search_term_string\"}}],\"inLanguage\":\"nl-BE\"},{\"@type\":\"Organization\",\"@id\":\"https:\\\/\\\/www.corsetdaum.be\\\/#organization\",\"name\":\"Corset DAUM\",\"url\":\"https:\\\/\\\/www.corsetdaum.be\\\/\",\"logo\":{\"@type\":\"ImageObject\",\"inLanguage\":\"nl-BE\",\"@id\":\"https:\\\/\\\/www.corsetdaum.be\\\/#\\\/schema\\\/logo\\\/image\\\/\",\"url\":\"https:\\\/\\\/www.corsetdaum.be\\\/wp-content\\\/uploads\\\/2020\\\/04\\\/cropped-LOGO-CORSET-DAUM-COULEUR-3.png\",\"contentUrl\":\"https:\\\/\\\/www.corsetdaum.be\\\/wp-content\\\/uploads\\\/2020\\\/04\\\/cropped-LOGO-CORSET-DAUM-COULEUR-3.png\",\"width\":350,\"height\":130,\"caption\":\"Corset DAUM\"},\"image\":{\"@id\":\"https:\\\/\\\/www.corsetdaum.be\\\/#\\\/schema\\\/logo\\\/image\\\/\"}},{\"@type\":\"Person\",\"@id\":\"https:\\\/\\\/www.corsetdaum.be\\\/#\\\/schema\\\/person\\\/67c822ddd09116432051fff18851b01d\",\"name\":\"forster\",\"image\":{\"@type\":\"ImageObject\",\"inLanguage\":\"nl-BE\",\"@id\":\"https:\\\/\\\/secure.gravatar.com\\\/avatar\\\/73e3f48af22c96ce4c8954dc3daf5167548ab399b07b8984fe0cd7bc30970a01?s=96&d=mm&r=g\",\"url\":\"https:\\\/\\\/secure.gravatar.com\\\/avatar\\\/73e3f48af22c96ce4c8954dc3daf5167548ab399b07b8984fe0cd7bc30970a01?s=96&d=mm&r=g\",\"contentUrl\":\"https:\\\/\\\/secure.gravatar.com\\\/avatar\\\/73e3f48af22c96ce4c8954dc3daf5167548ab399b07b8984fe0cd7bc30970a01?s=96&d=mm&r=g\",\"caption\":\"forster\"},\"url\":\"https:\\\/\\\/www.corsetdaum.be\\\/nl\\\/author\\\/forster\\\/\"}]}<\/script>\n<!-- \/ Yoast SEO plugin. -->","yoast_head_json":{"title":"L'Essentiel du Rachis - Novembre 2023 - Corset DAUM","robots":{"index":"index","follow":"follow","max-snippet":"max-snippet:-1","max-image-preview":"max-image-preview:large","max-video-preview":"max-video-preview:-1"},"canonical":"https:\/\/www.corsetdaum.be\/nl\/lessentiel-du-rachis-novembre-2023\/","og_locale":"nl_BE","og_type":"article","og_title":"L'Essentiel du Rachis - Novembre 2023 - Corset DAUM","og_description":"Chaque mois, Corset Daum rassemble les \u00e9tudes scientifiques les plus int\u00e9ressantes concernant le rachis et le traitement des pathologies qui ... Lire plus","og_url":"https:\/\/www.corsetdaum.be\/nl\/lessentiel-du-rachis-novembre-2023\/","og_site_name":"Corset DAUM","article_published_time":"2023-10-30T13:43:37+00:00","article_modified_time":"2025-01-22T14:05:25+00:00","og_image":[{"width":1920,"height":1080,"url":"https:\/\/www.corsetdaum.be\/wp-content\/uploads\/2023\/10\/EDR-6.jpeg","type":"image\/jpeg"}],"author":"forster","twitter_card":"summary_large_image","twitter_misc":{"Geschreven door":"forster","Geschatte leestijd":"4 minuten"},"schema":{"@context":"https:\/\/schema.org","@graph":[{"@type":"Article","@id":"https:\/\/www.corsetdaum.be\/lessentiel-du-rachis-novembre-2023\/#article","isPartOf":{"@id":"https:\/\/www.corsetdaum.be\/lessentiel-du-rachis-novembre-2023\/"},"author":{"name":"forster","@id":"https:\/\/www.corsetdaum.be\/#\/schema\/person\/67c822ddd09116432051fff18851b01d"},"headline":"L&rsquo;Essentiel du Rachis &#8211; Novembre 2023","datePublished":"2023-10-30T13:43:37+00:00","dateModified":"2025-01-22T14:05:25+00:00","mainEntityOfPage":{"@id":"https:\/\/www.corsetdaum.be\/lessentiel-du-rachis-novembre-2023\/"},"wordCount":921,"commentCount":0,"publisher":{"@id":"https:\/\/www.corsetdaum.be\/#organization"},"image":{"@id":"https:\/\/www.corsetdaum.be\/lessentiel-du-rachis-novembre-2023\/#primaryimage"},"thumbnailUrl":"https:\/\/www.corsetdaum.be\/wp-content\/uploads\/2023\/10\/EDR-6.jpeg","articleSection":["L'Essentiel du Rachis"],"inLanguage":"nl-BE","potentialAction":[{"@type":"CommentAction","name":"Comment","target":["https:\/\/www.corsetdaum.be\/lessentiel-du-rachis-novembre-2023\/#respond"]}]},{"@type":"WebPage","@id":"https:\/\/www.corsetdaum.be\/lessentiel-du-rachis-novembre-2023\/","url":"https:\/\/www.corsetdaum.be\/lessentiel-du-rachis-novembre-2023\/","name":"L'Essentiel du Rachis - Novembre 2023 - Corset DAUM","isPartOf":{"@id":"https:\/\/www.corsetdaum.be\/#website"},"primaryImageOfPage":{"@id":"https:\/\/www.corsetdaum.be\/lessentiel-du-rachis-novembre-2023\/#primaryimage"},"image":{"@id":"https:\/\/www.corsetdaum.be\/lessentiel-du-rachis-novembre-2023\/#primaryimage"},"thumbnailUrl":"https:\/\/www.corsetdaum.be\/wp-content\/uploads\/2023\/10\/EDR-6.jpeg","datePublished":"2023-10-30T13:43:37+00:00","dateModified":"2025-01-22T14:05:25+00:00","breadcrumb":{"@id":"https:\/\/www.corsetdaum.be\/lessentiel-du-rachis-novembre-2023\/#breadcrumb"},"inLanguage":"nl-BE","potentialAction":[{"@type":"ReadAction","target":["https:\/\/www.corsetdaum.be\/lessentiel-du-rachis-novembre-2023\/"]}]},{"@type":"ImageObject","inLanguage":"nl-BE","@id":"https:\/\/www.corsetdaum.be\/lessentiel-du-rachis-novembre-2023\/#primaryimage","url":"https:\/\/www.corsetdaum.be\/wp-content\/uploads\/2023\/10\/EDR-6.jpeg","contentUrl":"https:\/\/www.corsetdaum.be\/wp-content\/uploads\/2023\/10\/EDR-6.jpeg","width":1920,"height":1080},{"@type":"BreadcrumbList","@id":"https:\/\/www.corsetdaum.be\/lessentiel-du-rachis-novembre-2023\/#breadcrumb","itemListElement":[{"@type":"ListItem","position":1,"name":"Accueil","item":"https:\/\/www.corsetdaum.be\/"},{"@type":"ListItem","position":2,"name":"L&rsquo;Essentiel du Rachis &#8211; Novembre 2023"}]},{"@type":"WebSite","@id":"https:\/\/www.corsetdaum.be\/#website","url":"https:\/\/www.corsetdaum.be\/","name":"Corset DAUM","description":"Retrouver la libert\u00e9 de bouger !","publisher":{"@id":"https:\/\/www.corsetdaum.be\/#organization"},"potentialAction":[{"@type":"SearchAction","target":{"@type":"EntryPoint","urlTemplate":"https:\/\/www.corsetdaum.be\/?s={search_term_string}"},"query-input":{"@type":"PropertyValueSpecification","valueRequired":true,"valueName":"search_term_string"}}],"inLanguage":"nl-BE"},{"@type":"Organization","@id":"https:\/\/www.corsetdaum.be\/#organization","name":"Corset DAUM","url":"https:\/\/www.corsetdaum.be\/","logo":{"@type":"ImageObject","inLanguage":"nl-BE","@id":"https:\/\/www.corsetdaum.be\/#\/schema\/logo\/image\/","url":"https:\/\/www.corsetdaum.be\/wp-content\/uploads\/2020\/04\/cropped-LOGO-CORSET-DAUM-COULEUR-3.png","contentUrl":"https:\/\/www.corsetdaum.be\/wp-content\/uploads\/2020\/04\/cropped-LOGO-CORSET-DAUM-COULEUR-3.png","width":350,"height":130,"caption":"Corset DAUM"},"image":{"@id":"https:\/\/www.corsetdaum.be\/#\/schema\/logo\/image\/"}},{"@type":"Person","@id":"https:\/\/www.corsetdaum.be\/#\/schema\/person\/67c822ddd09116432051fff18851b01d","name":"forster","image":{"@type":"ImageObject","inLanguage":"nl-BE","@id":"https:\/\/secure.gravatar.com\/avatar\/73e3f48af22c96ce4c8954dc3daf5167548ab399b07b8984fe0cd7bc30970a01?s=96&d=mm&r=g","url":"https:\/\/secure.gravatar.com\/avatar\/73e3f48af22c96ce4c8954dc3daf5167548ab399b07b8984fe0cd7bc30970a01?s=96&d=mm&r=g","contentUrl":"https:\/\/secure.gravatar.com\/avatar\/73e3f48af22c96ce4c8954dc3daf5167548ab399b07b8984fe0cd7bc30970a01?s=96&d=mm&r=g","caption":"forster"},"url":"https:\/\/www.corsetdaum.be\/nl\/author\/forster\/"}]}},"_links":{"self":[{"href":"https:\/\/www.corsetdaum.be\/nl\/wp-json\/wp\/v2\/posts\/16148","targetHints":{"allow":["GET"]}}],"collection":[{"href":"https:\/\/www.corsetdaum.be\/nl\/wp-json\/wp\/v2\/posts"}],"about":[{"href":"https:\/\/www.corsetdaum.be\/nl\/wp-json\/wp\/v2\/types\/post"}],"author":[{"embeddable":true,"href":"https:\/\/www.corsetdaum.be\/nl\/wp-json\/wp\/v2\/users\/9"}],"replies":[{"embeddable":true,"href":"https:\/\/www.corsetdaum.be\/nl\/wp-json\/wp\/v2\/comments?post=16148"}],"version-history":[{"count":14,"href":"https:\/\/www.corsetdaum.be\/nl\/wp-json\/wp\/v2\/posts\/16148\/revisions"}],"predecessor-version":[{"id":16164,"href":"https:\/\/www.corsetdaum.be\/nl\/wp-json\/wp\/v2\/posts\/16148\/revisions\/16164"}],"wp:featuredmedia":[{"embeddable":true,"href":"https:\/\/www.corsetdaum.be\/nl\/wp-json\/wp\/v2\/media\/16149"}],"wp:attachment":[{"href":"https:\/\/www.corsetdaum.be\/nl\/wp-json\/wp\/v2\/media?parent=16148"}],"wp:term":[{"taxonomy":"category","embeddable":true,"href":"https:\/\/www.corsetdaum.be\/nl\/wp-json\/wp\/v2\/categories?post=16148"},{"taxonomy":"post_tag","embeddable":true,"href":"https:\/\/www.corsetdaum.be\/nl\/wp-json\/wp\/v2\/tags?post=16148"}],"curies":[{"name":"wp","href":"https:\/\/api.w.org\/{rel}","templated":true}]}}