{"id":16402,"date":"2023-11-30T15:07:41","date_gmt":"2023-11-30T14:07:41","guid":{"rendered":"https:\/\/www.corsetdaum.be\/?p=16402"},"modified":"2025-01-22T15:05:19","modified_gmt":"2025-01-22T14:05:19","slug":"lessentiel-du-rachis-decembre-2023","status":"publish","type":"post","link":"https:\/\/www.corsetdaum.be\/nl\/lessentiel-du-rachis-decembre-2023\/","title":{"rendered":"L&rsquo;Essentiel du Rachis &#8211; D\u00e9cembre 2023"},"content":{"rendered":"<div data-elementor-type=\"wp-post\" data-elementor-id=\"16402\" class=\"elementor elementor-16402\" data-elementor-post-type=\"post\">\n\t\t\t\t\t\t<section class=\"elementor-section elementor-top-section elementor-element elementor-element-32a1b10c elementor-section-boxed elementor-section-height-default elementor-section-height-default\" data-id=\"32a1b10c\" data-element_type=\"section\" data-e-type=\"section\">\n\t\t\t\t\t\t<div class=\"elementor-container elementor-column-gap-default\">\n\t\t\t\t\t<div class=\"elementor-column elementor-col-100 elementor-top-column elementor-element elementor-element-2149b2ef\" data-id=\"2149b2ef\" data-element_type=\"column\" data-e-type=\"column\">\n\t\t\t<div class=\"elementor-widget-wrap elementor-element-populated\">\n\t\t\t\t\t\t<div class=\"elementor-element elementor-element-6205959b elementor-widget__width-initial elementor-widget elementor-widget-text-editor\" data-id=\"6205959b\" data-element_type=\"widget\" data-e-type=\"widget\" data-widget_type=\"text-editor.default\">\n\t\t\t\t<div class=\"elementor-widget-container\">\n\t\t\t\t\t\t\t\t\t<p><\/p>\n<p>Chaque mois, Corset Daum rassemble les \u00e9tudes scientifiques les plus int\u00e9ressantes concernant le rachis et le traitement des pathologies qui l&rsquo;affectent.<\/p>\n<p>Ce mois-ci, nous abordons&nbsp;la correspondance entre la perception du patient du mal qui l&rsquo;afflige et l&rsquo;\u00e9valuation par le m\u00e9decin de ce dernier, la classification et analyse par intelligence artificielle des douleurs lombaires, l&rsquo;impact de la taille d&rsquo;une protrusion vert\u00e9brale lombaire, et la peur du mouvement chez les patients ayant subi une fusion lombaire.<\/p>\n<p>Bonne lecture !<\/p>\n<p><\/p>\n<p><!-- notionvc: f59126c0-2d8b-4bc7-b776-c4abc6b668d3 --><\/p>\n<h2 class=\"wp-block-heading\">Dans quelle mesure le clinicien peut-il \u00e9valuer la perception qu&rsquo;a le patient de la gravit\u00e9 et de l&rsquo;impact de son probl\u00e8me de dos ?<\/h2>\n<div data-pm-slice=\"1 1 []\" data-en-clipboard=\"true\">\n<p><i>F. Zaina, U. Mutter, S. Donzelli, M. Lusini, F. S. Kleinstueck, A. F. Mannion<\/i><\/p>\n<p>Cette \u00e9tude \u00e9value l&rsquo;accord entre les \u00e9valuations des cliniciens et des patients sur les probl\u00e8mes de dos, se concentrant sur la douleur et ses impacts.&nbsp;<\/p>\n<p>Les r\u00e9sultats, bas\u00e9s sur les donn\u00e9es de cinq sp\u00e9cialistes de la colonne vert\u00e9brale et 108 patients dans deux centres, r\u00e9v\u00e8lent un accord de 83% sur le \u00ab\u00a0probl\u00e8me principal\u00a0\u00bb, avec un coefficient Kappa de 0,70 (IC \u00e0 95%: 0,58\u20130,81).&nbsp;<\/p>\n<p>Les \u00e9valuations des m\u00e9decins et des patients montrent des corr\u00e9lations mod\u00e9r\u00e9es\/fortes pour diff\u00e9rents aspects du Core Outcome Measures Index (COMI), allant de 0,48 \u00e0 0,74 (p &lt; 0,0001).&nbsp;<\/p>\n<p>Cependant, des tendances sont observ\u00e9es o\u00f9 les m\u00e9decins sous-estiment syst\u00e9matiquement la douleur aux jambes (p = 0,002) et le m\u00e9contentement li\u00e9 aux sympt\u00f4mes (p = 0,002), tandis qu&rsquo;ils surestiment l&rsquo;impact sur la fonction (p = 0,029).&nbsp;<\/p>\n<p>En conclusion, bien que les m\u00e9decins puissent pr\u00e9cis\u00e9ment localiser le probl\u00e8me principal et \u00e9valuer le score multidimensionnel, une approche plus d\u00e9taill\u00e9e lors des consultations pourrait am\u00e9liorer la compr\u00e9hension de l&rsquo;impact quotidien sur la vie des patients.<!-- notionvc: b58ade75-6b65-4fa4-a251-5697f88c19c0 --><\/p>\n<p><!-- notionvc: 1c837135-529b-4785-8b88-5c4f01771dde --><\/p>\n<\/div>\n<p><\/p>\n<p><a href=\"https:\/\/link.springer.com\/article\/10.1007\/s00586-023-08023-6\">Disponible sur&nbsp;Springer<\/a><\/p>\n<p><\/p>\n<h2 class=\"wp-block-heading\">Analyse statistique des caract\u00e9ristiques et classification bas\u00e9e sur l&rsquo;apprentissage automatique des douleurs lombaires \u00e0 l&rsquo;aide d&rsquo;images thermiques<\/h2>\n<p><\/p>\n<p><i>P. Praveen, Mallikarjunaswamy M.S., Chandrashekara S<\/i><\/p>\n<div data-pm-slice=\"1 1 []\" data-en-clipboard=\"true\">\n<p>Pr\u00e8s d&rsquo;un quart de la population mondiale souffre de lombalgie. Les lombalgies peuvent provenir de diff\u00e9rentes parties du corps, notamment des nerfs, de la moelle \u00e9pini\u00e8re, des disques, des os et des tendons de la colonne lombaire.&nbsp;<\/p>\n<p>Obtenir un diagnostic correct de la lombalgie \u00e0 un stade pr\u00e9coce est la premi\u00e8re \u00e9tape vers un r\u00e9tablissement rapide et complet. Bien que beaucoup d&rsquo;efforts et d&rsquo;argent aient \u00e9t\u00e9 investis dans la recherche sur la lombalgie, un diagnostic r\u00e9ussi reste un objectif important, et la lombalgie demeure un motif majeur de pr\u00e9occupation dans les soins de sant\u00e9 primaires.&nbsp;<\/p>\n<p>L&rsquo;incapacit\u00e9 des images m\u00e9dicales conventionnelles \u00e0 identifier la lombalgie est l&rsquo;une des raisons de ce probl\u00e8me.&nbsp;<\/p>\n<p>Cette recherche vise \u00e0 fournir un processus en cinq \u00e9tapes pour la d\u00e9tection automatique des lombalgies \u00e0 l&rsquo;aide d&rsquo;images thermiques. Dans un premier temps, les images thermiques de personnes saines et de personnes souffrant de lombalgie sont prises.&nbsp;<\/p>\n<p>Ensuite, les images sont analys\u00e9es \u00e0 l&rsquo;aide des techniques de la matrice de cooccurrence des niveaux de gris (GLCM) et de la matrice des longueurs d&rsquo;onde des niveaux de gris (GRLM) afin d&rsquo;obtenir un total de 18 caract\u00e9ristiques.&nbsp;<\/p>\n<p>Troisi\u00e8mement, la m\u00e9thode d&rsquo;optimisation des essaims de particules (PSO) permet de d\u00e9terminer la caract\u00e9ristique la plus cruciale parmi les 18. Quatri\u00e8mement, l&rsquo;apprentissage du mod\u00e8le ML implique l&rsquo;utilisation des donn\u00e9es brutes et des donn\u00e9es optimis\u00e9es.&nbsp;<\/p>\n<p>Enfin, la performance du mod\u00e8le ML est \u00e9valu\u00e9e en utilisant les donn\u00e9es avant et apr\u00e8s la s\u00e9lection des caract\u00e9ristiques afin de d\u00e9terminer la m\u00e9thode optimale pour la d\u00e9tection des LBP.<!-- notionvc: be4a4182-eaac-4add-9365-a2965a33c526 --><\/p>\n<p><!-- notionvc: 2bd40929-fdd4-4487-9d2a-2438a7f3686b --><\/p>\n<\/div>\n<p><\/p>\n<p><a href=\"https:\/\/einj.net\/index.php\/INJ\/article\/view\/213\">Disponible sur&nbsp;INJ<\/a><\/p>\n<p><\/p>\n<h2 class=\"wp-block-heading\">L&rsquo;impact de la taille de la protrusion sur la douleur, l&rsquo;amplitude des mouvements, la capacit\u00e9 fonctionnelle et la section transversale du muscle multifide dans la hernie discale lombaire<!-- notionvc: 50aa7bb4-fdcd-4a51-8a96-aea4546680a9 --><\/h2>\n<p><\/p>\n<p><i>Rabia Tugba Kilic, Sedef Yildirimalp, Cetin Sayaca<\/i><\/p>\n<p><\/p>\n<p>Cette \u00e9tude examine comment l&rsquo;importance de la protrusion dans la hernie discale lombaire affecte la douleur, la mobilit\u00e9 lombaire, le dysfonctionnement physique et la section transversale du muscle multifide.&nbsp;<\/p>\n<p>L&rsquo;\u00e9tude porte sur 54 patients de sexe masculin \u00e2g\u00e9s de 20 \u00e0 50 ans, avec un groupe t\u00e9moin (n = 18) pr\u00e9sentant une hernie discale sans compression des racines nerveuses et un groupe d&rsquo;\u00e9tude (n = 36) pr\u00e9sentant une compression des racines nerveuses, cat\u00e9goris\u00e9 en fonction de l&rsquo;importance de la protrusion.&nbsp;<\/p>\n<p>Les r\u00e9sultats n&rsquo;indiquent pas de diff\u00e9rences significatives dans les niveaux de douleur, la rotation du tronc, l&rsquo;indice d&rsquo;invalidit\u00e9 d&rsquo;Oswestry ou la section transversale du muscle multifide.<\/p>\n<p>&nbsp;Cependant, il y a une distinction dans les mouvements de flexion et d&rsquo;extension du tronc entre les groupes.&nbsp;<\/p>\n<p>L&rsquo;analyse de r\u00e9gression r\u00e9v\u00e8le un pouvoir explicatif limit\u00e9 pour la variable d\u00e9pendante, sugg\u00e9rant la n\u00e9cessit\u00e9 d&rsquo;\u00e9tudes futures avec des groupes de sujets plus importants ou l&rsquo;incorporation de variables ind\u00e9pendantes multiples dans l&rsquo;analyse de r\u00e9gression pour am\u00e9liorer la capacit\u00e9 du mod\u00e8le.<!-- notionvc: d1809cc1-8c7a-4c6b-a906-4f90dc6234d1 --><\/p>\n<p><!-- notionvc: 0f03c929-93ea-4de6-bd8a-120326cc8971 --><\/p>\n<p><a href=\"https:\/\/journals.lww.com\/md-journal\/fulltext\/2023\/11170\/the_impact_of_protrusion_size_on_pain,_range_of.120.aspx\">Disponible sur Medicine<\/a><\/p>\n<p><\/p>\n<h2 class=\"wp-block-heading\">La peur du mouvement est associ\u00e9e \u00e0 un comportement s\u00e9dentaire 12 mois apr\u00e8s une chirurgie de fusion lombaire chez des patients souffrant de lombalgie et de troubles discaux d\u00e9g\u00e9n\u00e9ratifs<!-- notionvc: 725fb250-76f2-43e3-ace7-1e4bd84618b7 --><\/h2>\n<p><\/p>\n<p><i>Max Jakobsson, Maria Hagstr\u00f6mer, Hanna Lotzke, Philip von Rosen, Mari Lundberg<\/i><\/p>\n<p>Cette \u00e9tude examine la corr\u00e9lation entre les facteurs psychologiques pr\u00e9op\u00e9ratoires li\u00e9s \u00e0 la douleur et le comportement s\u00e9dentaire (SB) et l&rsquo;activit\u00e9 physique mod\u00e9r\u00e9e \u00e0 vigoureuse (MVPA) postop\u00e9ratoires chez les personnes subissant une chirurgie de fusion lombaire pour lombalgie (LBP) et trouble discal d\u00e9g\u00e9n\u00e9ratif.&nbsp;<\/p><p>Les donn\u00e9es d&rsquo;un essai contr\u00f4l\u00e9 randomis\u00e9 impliquant 118 patients (\u00e2ge moyen 46 ans ; 63 femmes, 55 hommes) ont \u00e9t\u00e9 analys\u00e9es. Le SB et la MVPA ont \u00e9t\u00e9 mesur\u00e9s \u00e0 l&rsquo;aide de l&rsquo;acc\u00e9l\u00e9rom\u00e8tre ActiGraph GT3X+.&nbsp;<\/p><p>La peur du mouvement, le catastrophisme de la douleur et l&rsquo;auto-efficacit\u00e9 pour l&rsquo;exercice ont servi de pr\u00e9dicteurs. Les r\u00e9sultats montrent que la peur du mouvement pr\u00e9op\u00e9ratoire est significativement associ\u00e9e \u00e0 la SB postop\u00e9ratoire chez les patients souffrant de lombalgie et de discopathie d\u00e9g\u00e9n\u00e9rative.&nbsp;<\/p><p>Cela met en \u00e9vidence les avantages potentiels du d\u00e9pistage pr\u00e9op\u00e9ratoire des facteurs psychologiques li\u00e9s \u00e0 la douleur, en aidant \u00e0 identifier les patients qui pourraient b\u00e9n\u00e9ficier d&rsquo;interventions cibl\u00e9es pour promouvoir un comportement de mouvement postop\u00e9ratoire plus sain et de meilleurs r\u00e9sultats pour la sant\u00e9.<\/p>\n<p><!-- notionvc: 70e6a653-a478-4c9c-9c2d-3bbd79bd5778 --><\/p>\n<p><\/p>\n<p><a href=\"https:\/\/link.springer.com\/article\/10.1186\/s12891-023-06980-z\">Disponible sur Springer<\/a><\/p>\n<p><\/p>\n<p>Restez \u00e0 jour en vous abonnant \u00e0 la newsletter!<\/p>\n<p><\/p>\t\t\t\t\t\t\t\t<\/div>\n\t\t\t\t<\/div>\n\t\t\t\t\t<\/div>\n\t\t<\/div>\n\t\t\t\t\t<\/div>\n\t\t<\/section>\n\t\t\t\t<\/div>","protected":false},"excerpt":{"rendered":"<p>Chaque mois, Corset Daum rassemble les \u00e9tudes scientifiques les plus int\u00e9ressantes concernant le rachis et le traitement des pathologies qui &#8230; <a title=\"L&rsquo;Essentiel du Rachis &#8211; D\u00e9cembre 2023\" class=\"read-more\" href=\"https:\/\/www.corsetdaum.be\/nl\/lessentiel-du-rachis-decembre-2023\/\">Lire plus<\/a><\/p>","protected":false},"author":9,"featured_media":16403,"comment_status":"open","ping_status":"open","sticky":false,"template":"","format":"standard","meta":{"footnotes":""},"categories":[30],"tags":[],"class_list":["post-16402","post","type-post","status-publish","format-standard","has-post-thumbnail","hentry","category-edr","generate-columns","tablet-grid-50","mobile-grid-100","grid-parent","grid-50"],"yoast_head":"<!-- This site is optimized with the Yoast SEO plugin v27.5 - https:\/\/yoast.com\/product\/yoast-seo-wordpress\/ -->\n<title>L&#039;Essentiel du Rachis - D\u00e9cembre 2023 - Corset DAUM<\/title>\n<meta name=\"robots\" content=\"index, follow, max-snippet:-1, max-image-preview:large, max-video-preview:-1\" \/>\n<link rel=\"canonical\" href=\"https:\/\/www.corsetdaum.be\/nl\/lessentiel-du-rachis-decembre-2023\/\" \/>\n<meta property=\"og:locale\" content=\"nl_BE\" \/>\n<meta property=\"og:type\" content=\"article\" \/>\n<meta property=\"og:title\" content=\"L&#039;Essentiel du Rachis - D\u00e9cembre 2023 - Corset DAUM\" \/>\n<meta property=\"og:description\" content=\"Chaque mois, Corset Daum rassemble les \u00e9tudes scientifiques les plus int\u00e9ressantes concernant le rachis et le traitement des pathologies qui ... Lire plus\" \/>\n<meta property=\"og:url\" content=\"https:\/\/www.corsetdaum.be\/nl\/lessentiel-du-rachis-decembre-2023\/\" \/>\n<meta property=\"og:site_name\" content=\"Corset DAUM\" \/>\n<meta property=\"article:published_time\" content=\"2023-11-30T14:07:41+00:00\" \/>\n<meta property=\"article:modified_time\" content=\"2025-01-22T14:05:19+00:00\" \/>\n<meta property=\"og:image\" content=\"https:\/\/www.corsetdaum.be\/wp-content\/uploads\/2023\/11\/EDR-7.jpeg\" \/>\n\t<meta property=\"og:image:width\" content=\"1920\" \/>\n\t<meta property=\"og:image:height\" content=\"1080\" \/>\n\t<meta property=\"og:image:type\" content=\"image\/jpeg\" \/>\n<meta name=\"author\" content=\"forster\" \/>\n<meta name=\"twitter:card\" content=\"summary_large_image\" \/>\n<meta name=\"twitter:label1\" content=\"Geschreven door\" \/>\n\t<meta name=\"twitter:data1\" content=\"forster\" \/>\n\t<meta name=\"twitter:label2\" content=\"Geschatte leestijd\" \/>\n\t<meta name=\"twitter:data2\" content=\"5 minuten\" \/>\n<script type=\"application\/ld+json\" class=\"yoast-schema-graph\">{\"@context\":\"https:\\\/\\\/schema.org\",\"@graph\":[{\"@type\":\"Article\",\"@id\":\"https:\\\/\\\/www.corsetdaum.be\\\/lessentiel-du-rachis-decembre-2023\\\/#article\",\"isPartOf\":{\"@id\":\"https:\\\/\\\/www.corsetdaum.be\\\/lessentiel-du-rachis-decembre-2023\\\/\"},\"author\":{\"name\":\"forster\",\"@id\":\"https:\\\/\\\/www.corsetdaum.be\\\/#\\\/schema\\\/person\\\/67c822ddd09116432051fff18851b01d\"},\"headline\":\"L&rsquo;Essentiel du Rachis &#8211; D\u00e9cembre 2023\",\"datePublished\":\"2023-11-30T14:07:41+00:00\",\"dateModified\":\"2025-01-22T14:05:19+00:00\",\"mainEntityOfPage\":{\"@id\":\"https:\\\/\\\/www.corsetdaum.be\\\/lessentiel-du-rachis-decembre-2023\\\/\"},\"wordCount\":1132,\"commentCount\":0,\"publisher\":{\"@id\":\"https:\\\/\\\/www.corsetdaum.be\\\/#organization\"},\"image\":{\"@id\":\"https:\\\/\\\/www.corsetdaum.be\\\/lessentiel-du-rachis-decembre-2023\\\/#primaryimage\"},\"thumbnailUrl\":\"https:\\\/\\\/www.corsetdaum.be\\\/wp-content\\\/uploads\\\/2023\\\/11\\\/EDR-7.jpeg\",\"articleSection\":[\"L'Essentiel du Rachis\"],\"inLanguage\":\"nl-BE\",\"potentialAction\":[{\"@type\":\"CommentAction\",\"name\":\"Comment\",\"target\":[\"https:\\\/\\\/www.corsetdaum.be\\\/lessentiel-du-rachis-decembre-2023\\\/#respond\"]}]},{\"@type\":\"WebPage\",\"@id\":\"https:\\\/\\\/www.corsetdaum.be\\\/lessentiel-du-rachis-decembre-2023\\\/\",\"url\":\"https:\\\/\\\/www.corsetdaum.be\\\/lessentiel-du-rachis-decembre-2023\\\/\",\"name\":\"L'Essentiel du Rachis - D\u00e9cembre 2023 - Corset DAUM\",\"isPartOf\":{\"@id\":\"https:\\\/\\\/www.corsetdaum.be\\\/#website\"},\"primaryImageOfPage\":{\"@id\":\"https:\\\/\\\/www.corsetdaum.be\\\/lessentiel-du-rachis-decembre-2023\\\/#primaryimage\"},\"image\":{\"@id\":\"https:\\\/\\\/www.corsetdaum.be\\\/lessentiel-du-rachis-decembre-2023\\\/#primaryimage\"},\"thumbnailUrl\":\"https:\\\/\\\/www.corsetdaum.be\\\/wp-content\\\/uploads\\\/2023\\\/11\\\/EDR-7.jpeg\",\"datePublished\":\"2023-11-30T14:07:41+00:00\",\"dateModified\":\"2025-01-22T14:05:19+00:00\",\"breadcrumb\":{\"@id\":\"https:\\\/\\\/www.corsetdaum.be\\\/lessentiel-du-rachis-decembre-2023\\\/#breadcrumb\"},\"inLanguage\":\"nl-BE\",\"potentialAction\":[{\"@type\":\"ReadAction\",\"target\":[\"https:\\\/\\\/www.corsetdaum.be\\\/lessentiel-du-rachis-decembre-2023\\\/\"]}]},{\"@type\":\"ImageObject\",\"inLanguage\":\"nl-BE\",\"@id\":\"https:\\\/\\\/www.corsetdaum.be\\\/lessentiel-du-rachis-decembre-2023\\\/#primaryimage\",\"url\":\"https:\\\/\\\/www.corsetdaum.be\\\/wp-content\\\/uploads\\\/2023\\\/11\\\/EDR-7.jpeg\",\"contentUrl\":\"https:\\\/\\\/www.corsetdaum.be\\\/wp-content\\\/uploads\\\/2023\\\/11\\\/EDR-7.jpeg\",\"width\":1920,\"height\":1080},{\"@type\":\"BreadcrumbList\",\"@id\":\"https:\\\/\\\/www.corsetdaum.be\\\/lessentiel-du-rachis-decembre-2023\\\/#breadcrumb\",\"itemListElement\":[{\"@type\":\"ListItem\",\"position\":1,\"name\":\"Accueil\",\"item\":\"https:\\\/\\\/www.corsetdaum.be\\\/\"},{\"@type\":\"ListItem\",\"position\":2,\"name\":\"L&rsquo;Essentiel du Rachis &#8211; D\u00e9cembre 2023\"}]},{\"@type\":\"WebSite\",\"@id\":\"https:\\\/\\\/www.corsetdaum.be\\\/#website\",\"url\":\"https:\\\/\\\/www.corsetdaum.be\\\/\",\"name\":\"Corset DAUM\",\"description\":\"Retrouver la libert\u00e9 de bouger !\",\"publisher\":{\"@id\":\"https:\\\/\\\/www.corsetdaum.be\\\/#organization\"},\"potentialAction\":[{\"@type\":\"SearchAction\",\"target\":{\"@type\":\"EntryPoint\",\"urlTemplate\":\"https:\\\/\\\/www.corsetdaum.be\\\/?s={search_term_string}\"},\"query-input\":{\"@type\":\"PropertyValueSpecification\",\"valueRequired\":true,\"valueName\":\"search_term_string\"}}],\"inLanguage\":\"nl-BE\"},{\"@type\":\"Organization\",\"@id\":\"https:\\\/\\\/www.corsetdaum.be\\\/#organization\",\"name\":\"Corset DAUM\",\"url\":\"https:\\\/\\\/www.corsetdaum.be\\\/\",\"logo\":{\"@type\":\"ImageObject\",\"inLanguage\":\"nl-BE\",\"@id\":\"https:\\\/\\\/www.corsetdaum.be\\\/#\\\/schema\\\/logo\\\/image\\\/\",\"url\":\"https:\\\/\\\/www.corsetdaum.be\\\/wp-content\\\/uploads\\\/2020\\\/04\\\/cropped-LOGO-CORSET-DAUM-COULEUR-3.png\",\"contentUrl\":\"https:\\\/\\\/www.corsetdaum.be\\\/wp-content\\\/uploads\\\/2020\\\/04\\\/cropped-LOGO-CORSET-DAUM-COULEUR-3.png\",\"width\":350,\"height\":130,\"caption\":\"Corset DAUM\"},\"image\":{\"@id\":\"https:\\\/\\\/www.corsetdaum.be\\\/#\\\/schema\\\/logo\\\/image\\\/\"}},{\"@type\":\"Person\",\"@id\":\"https:\\\/\\\/www.corsetdaum.be\\\/#\\\/schema\\\/person\\\/67c822ddd09116432051fff18851b01d\",\"name\":\"forster\",\"image\":{\"@type\":\"ImageObject\",\"inLanguage\":\"nl-BE\",\"@id\":\"https:\\\/\\\/secure.gravatar.com\\\/avatar\\\/73e3f48af22c96ce4c8954dc3daf5167548ab399b07b8984fe0cd7bc30970a01?s=96&d=mm&r=g\",\"url\":\"https:\\\/\\\/secure.gravatar.com\\\/avatar\\\/73e3f48af22c96ce4c8954dc3daf5167548ab399b07b8984fe0cd7bc30970a01?s=96&d=mm&r=g\",\"contentUrl\":\"https:\\\/\\\/secure.gravatar.com\\\/avatar\\\/73e3f48af22c96ce4c8954dc3daf5167548ab399b07b8984fe0cd7bc30970a01?s=96&d=mm&r=g\",\"caption\":\"forster\"},\"url\":\"https:\\\/\\\/www.corsetdaum.be\\\/nl\\\/author\\\/forster\\\/\"}]}<\/script>\n<!-- \/ Yoast SEO plugin. -->","yoast_head_json":{"title":"L'Essentiel du Rachis - D\u00e9cembre 2023 - Corset DAUM","robots":{"index":"index","follow":"follow","max-snippet":"max-snippet:-1","max-image-preview":"max-image-preview:large","max-video-preview":"max-video-preview:-1"},"canonical":"https:\/\/www.corsetdaum.be\/nl\/lessentiel-du-rachis-decembre-2023\/","og_locale":"nl_BE","og_type":"article","og_title":"L'Essentiel du Rachis - D\u00e9cembre 2023 - Corset DAUM","og_description":"Chaque mois, Corset Daum rassemble les \u00e9tudes scientifiques les plus int\u00e9ressantes concernant le rachis et le traitement des pathologies qui ... Lire plus","og_url":"https:\/\/www.corsetdaum.be\/nl\/lessentiel-du-rachis-decembre-2023\/","og_site_name":"Corset DAUM","article_published_time":"2023-11-30T14:07:41+00:00","article_modified_time":"2025-01-22T14:05:19+00:00","og_image":[{"width":1920,"height":1080,"url":"https:\/\/www.corsetdaum.be\/wp-content\/uploads\/2023\/11\/EDR-7.jpeg","type":"image\/jpeg"}],"author":"forster","twitter_card":"summary_large_image","twitter_misc":{"Geschreven door":"forster","Geschatte leestijd":"5 minuten"},"schema":{"@context":"https:\/\/schema.org","@graph":[{"@type":"Article","@id":"https:\/\/www.corsetdaum.be\/lessentiel-du-rachis-decembre-2023\/#article","isPartOf":{"@id":"https:\/\/www.corsetdaum.be\/lessentiel-du-rachis-decembre-2023\/"},"author":{"name":"forster","@id":"https:\/\/www.corsetdaum.be\/#\/schema\/person\/67c822ddd09116432051fff18851b01d"},"headline":"L&rsquo;Essentiel du Rachis &#8211; D\u00e9cembre 2023","datePublished":"2023-11-30T14:07:41+00:00","dateModified":"2025-01-22T14:05:19+00:00","mainEntityOfPage":{"@id":"https:\/\/www.corsetdaum.be\/lessentiel-du-rachis-decembre-2023\/"},"wordCount":1132,"commentCount":0,"publisher":{"@id":"https:\/\/www.corsetdaum.be\/#organization"},"image":{"@id":"https:\/\/www.corsetdaum.be\/lessentiel-du-rachis-decembre-2023\/#primaryimage"},"thumbnailUrl":"https:\/\/www.corsetdaum.be\/wp-content\/uploads\/2023\/11\/EDR-7.jpeg","articleSection":["L'Essentiel du Rachis"],"inLanguage":"nl-BE","potentialAction":[{"@type":"CommentAction","name":"Comment","target":["https:\/\/www.corsetdaum.be\/lessentiel-du-rachis-decembre-2023\/#respond"]}]},{"@type":"WebPage","@id":"https:\/\/www.corsetdaum.be\/lessentiel-du-rachis-decembre-2023\/","url":"https:\/\/www.corsetdaum.be\/lessentiel-du-rachis-decembre-2023\/","name":"L'Essentiel du Rachis - D\u00e9cembre 2023 - Corset DAUM","isPartOf":{"@id":"https:\/\/www.corsetdaum.be\/#website"},"primaryImageOfPage":{"@id":"https:\/\/www.corsetdaum.be\/lessentiel-du-rachis-decembre-2023\/#primaryimage"},"image":{"@id":"https:\/\/www.corsetdaum.be\/lessentiel-du-rachis-decembre-2023\/#primaryimage"},"thumbnailUrl":"https:\/\/www.corsetdaum.be\/wp-content\/uploads\/2023\/11\/EDR-7.jpeg","datePublished":"2023-11-30T14:07:41+00:00","dateModified":"2025-01-22T14:05:19+00:00","breadcrumb":{"@id":"https:\/\/www.corsetdaum.be\/lessentiel-du-rachis-decembre-2023\/#breadcrumb"},"inLanguage":"nl-BE","potentialAction":[{"@type":"ReadAction","target":["https:\/\/www.corsetdaum.be\/lessentiel-du-rachis-decembre-2023\/"]}]},{"@type":"ImageObject","inLanguage":"nl-BE","@id":"https:\/\/www.corsetdaum.be\/lessentiel-du-rachis-decembre-2023\/#primaryimage","url":"https:\/\/www.corsetdaum.be\/wp-content\/uploads\/2023\/11\/EDR-7.jpeg","contentUrl":"https:\/\/www.corsetdaum.be\/wp-content\/uploads\/2023\/11\/EDR-7.jpeg","width":1920,"height":1080},{"@type":"BreadcrumbList","@id":"https:\/\/www.corsetdaum.be\/lessentiel-du-rachis-decembre-2023\/#breadcrumb","itemListElement":[{"@type":"ListItem","position":1,"name":"Accueil","item":"https:\/\/www.corsetdaum.be\/"},{"@type":"ListItem","position":2,"name":"L&rsquo;Essentiel du Rachis &#8211; D\u00e9cembre 2023"}]},{"@type":"WebSite","@id":"https:\/\/www.corsetdaum.be\/#website","url":"https:\/\/www.corsetdaum.be\/","name":"Corset DAUM","description":"Retrouver la libert\u00e9 de bouger !","publisher":{"@id":"https:\/\/www.corsetdaum.be\/#organization"},"potentialAction":[{"@type":"SearchAction","target":{"@type":"EntryPoint","urlTemplate":"https:\/\/www.corsetdaum.be\/?s={search_term_string}"},"query-input":{"@type":"PropertyValueSpecification","valueRequired":true,"valueName":"search_term_string"}}],"inLanguage":"nl-BE"},{"@type":"Organization","@id":"https:\/\/www.corsetdaum.be\/#organization","name":"Corset DAUM","url":"https:\/\/www.corsetdaum.be\/","logo":{"@type":"ImageObject","inLanguage":"nl-BE","@id":"https:\/\/www.corsetdaum.be\/#\/schema\/logo\/image\/","url":"https:\/\/www.corsetdaum.be\/wp-content\/uploads\/2020\/04\/cropped-LOGO-CORSET-DAUM-COULEUR-3.png","contentUrl":"https:\/\/www.corsetdaum.be\/wp-content\/uploads\/2020\/04\/cropped-LOGO-CORSET-DAUM-COULEUR-3.png","width":350,"height":130,"caption":"Corset DAUM"},"image":{"@id":"https:\/\/www.corsetdaum.be\/#\/schema\/logo\/image\/"}},{"@type":"Person","@id":"https:\/\/www.corsetdaum.be\/#\/schema\/person\/67c822ddd09116432051fff18851b01d","name":"forster","image":{"@type":"ImageObject","inLanguage":"nl-BE","@id":"https:\/\/secure.gravatar.com\/avatar\/73e3f48af22c96ce4c8954dc3daf5167548ab399b07b8984fe0cd7bc30970a01?s=96&d=mm&r=g","url":"https:\/\/secure.gravatar.com\/avatar\/73e3f48af22c96ce4c8954dc3daf5167548ab399b07b8984fe0cd7bc30970a01?s=96&d=mm&r=g","contentUrl":"https:\/\/secure.gravatar.com\/avatar\/73e3f48af22c96ce4c8954dc3daf5167548ab399b07b8984fe0cd7bc30970a01?s=96&d=mm&r=g","caption":"forster"},"url":"https:\/\/www.corsetdaum.be\/nl\/author\/forster\/"}]}},"_links":{"self":[{"href":"https:\/\/www.corsetdaum.be\/nl\/wp-json\/wp\/v2\/posts\/16402","targetHints":{"allow":["GET"]}}],"collection":[{"href":"https:\/\/www.corsetdaum.be\/nl\/wp-json\/wp\/v2\/posts"}],"about":[{"href":"https:\/\/www.corsetdaum.be\/nl\/wp-json\/wp\/v2\/types\/post"}],"author":[{"embeddable":true,"href":"https:\/\/www.corsetdaum.be\/nl\/wp-json\/wp\/v2\/users\/9"}],"replies":[{"embeddable":true,"href":"https:\/\/www.corsetdaum.be\/nl\/wp-json\/wp\/v2\/comments?post=16402"}],"version-history":[{"count":8,"href":"https:\/\/www.corsetdaum.be\/nl\/wp-json\/wp\/v2\/posts\/16402\/revisions"}],"predecessor-version":[{"id":16411,"href":"https:\/\/www.corsetdaum.be\/nl\/wp-json\/wp\/v2\/posts\/16402\/revisions\/16411"}],"wp:featuredmedia":[{"embeddable":true,"href":"https:\/\/www.corsetdaum.be\/nl\/wp-json\/wp\/v2\/media\/16403"}],"wp:attachment":[{"href":"https:\/\/www.corsetdaum.be\/nl\/wp-json\/wp\/v2\/media?parent=16402"}],"wp:term":[{"taxonomy":"category","embeddable":true,"href":"https:\/\/www.corsetdaum.be\/nl\/wp-json\/wp\/v2\/categories?post=16402"},{"taxonomy":"post_tag","embeddable":true,"href":"https:\/\/www.corsetdaum.be\/nl\/wp-json\/wp\/v2\/tags?post=16402"}],"curies":[{"name":"wp","href":"https:\/\/api.w.org\/{rel}","templated":true}]}}