{"id":17665,"date":"2025-04-17T12:23:34","date_gmt":"2025-04-17T10:23:34","guid":{"rendered":"https:\/\/www.corsetdaum.be\/?p=17665"},"modified":"2025-04-25T11:50:45","modified_gmt":"2025-04-25T09:50:45","slug":"7-idees-recues-sur-la-scoliose","status":"publish","type":"post","link":"https:\/\/www.corsetdaum.be\/nl\/7-idees-recues-sur-la-scoliose\/","title":{"rendered":"7 id\u00e9es re\u00e7ues sur la scoliose : que dit la Science ?"},"content":{"rendered":"<p>Het <a href=\"https:\/\/www.corsetdaum.be\/nl\/traitement-de-la-scoliose\/\">scoliose<\/a> affecte une partie significative de la population est entour\u00e9e de nombreuses croyances populaire, souvent \u00e9loign\u00e9es de la r\u00e9alit\u00e9 m\u00e9dicale.<\/p>\n\n\n\n<p>Cette condition, qui <strong>touche environ 1 \u00e0 3% de la population dans sa forme significative<\/strong>, fait l&rsquo;objet de malentendus persistants. Les recherches scientifiques actuelles permettent de d\u00e9mystifier ces id\u00e9es re\u00e7ues et d&rsquo;offrir une vision plus claire de cette pathologie.<\/p>\n\n\n\n<p><strong>Dans cet article, d\u00e9mystifions 7 des id\u00e9es re\u00e7ues les plus courantes concernant la scoliose<\/strong>, ainsi que les sources scientifiques qui permettent de r\u00e9futer ces id\u00e9es.<\/p>\n\n\n\n<p><\/p>\n\n\n\n<h2 class=\"wp-block-heading\">1. La scoliose est uniquement une maladie de l&rsquo;enfance<\/h2>\n\n\n\n<h3 class=\"wp-block-heading\">\u274c FAUX : C&rsquo;est une condition qui persiste, et peut m\u00eame appara\u00eetre \u00e0 l&rsquo;\u00e2ge adulte<\/h3>\n\n\n\n<p>Contrairement \u00e0 ce que l&rsquo;on pourrait penser, <strong>la scoliose n&rsquo;est pas exclusivement une pathologie de l&rsquo;enfance<\/strong>. Si la <strong>scoliose <em>idiopathique<\/em><\/strong> (dont on ne conna\u00eet pas la cause) appara\u00eet g\u00e9n\u00e9ralement durant la p\u00e9riode de croissance, elle ne dispara\u00eet pas une fois l&rsquo;\u00e2ge adulte atteint et persiste tout au long de la vie.<\/p>\n\n\n\n<p>De plus, il existe des formes de <strong>scolioses <em>non idiopathiques<\/em><\/strong> (dont on conna\u00eet la cause) qui peuvent appara\u00eetre \u00e0 l&rsquo;\u00e2ge adulte, notamment des scolioses d\u00e9g\u00e9n\u00e9ratives. Ces derni\u00e8res sont souvent li\u00e9es \u00e0 l&rsquo;arthrose du rachis et touchent plus fr\u00e9quemment les femmes apr\u00e8s la m\u00e9nopause. Leur pr\u00e9valence augmente significativement apr\u00e8s 70 ans, en grande partie en raison du vieillissement g\u00e9n\u00e9ral de la population<\/p>\n\n\n\n<p><\/p>\n\n\n\n<figure class=\"wp-block-image size-large is-style-default\"><img fetchpriority=\"high\" decoding=\"async\" width=\"1024\" height=\"833\" src=\"https:\/\/www.corsetdaum.be\/wp-content\/uploads\/2025\/04\/lascoliose-1-1024x833.jpg\" alt=\"Infographie repr\u00e9sentant une colonne vert\u00e9brale normale, \u00e0 c\u00f4t\u00e9 d'une autre souffrant de scoliose.\" class=\"wp-image-17714\" srcset=\"https:\/\/www.corsetdaum.be\/wp-content\/uploads\/2025\/04\/lascoliose-1-1024x833.jpg 1024w, https:\/\/www.corsetdaum.be\/wp-content\/uploads\/2025\/04\/lascoliose-1-300x244.jpg 300w, https:\/\/www.corsetdaum.be\/wp-content\/uploads\/2025\/04\/lascoliose-1-768x624.jpg 768w, https:\/\/www.corsetdaum.be\/wp-content\/uploads\/2025\/04\/lascoliose-1-1536x1249.jpg 1536w, https:\/\/www.corsetdaum.be\/wp-content\/uploads\/2025\/04\/lascoliose-1-15x12.jpg 15w, https:\/\/www.corsetdaum.be\/wp-content\/uploads\/2025\/04\/lascoliose-1.jpg 1701w\" sizes=\"(max-width: 1024px) 100vw, 1024px\" \/><figcaption class=\"wp-element-caption\">La scoliose en infographie<\/figcaption><\/figure>\n\n\n\n<p><\/p>\n\n\n\n<h2 class=\"wp-block-heading\">2. La scoliose est caus\u00e9e par une mauvaise posture<\/h2>\n\n\n\n<h3 class=\"wp-block-heading\">\u274c FAUX : Il n&rsquo;y a aucun lien causal entre posture et scoliose structurale<\/h3>\n\n\n\n<p>Il s&rsquo;agit d&rsquo;une <strong>confusion fr\u00e9quente entre <a href=\"https:\/\/www.corsetdaum.be\/nl\/traitement-de-la-scoliose\/\">scoliose<\/a> v\u00e9ritable et simple attitude scoliotique<\/strong>. La scoliose est une d\u00e9formation structurale de la colonne vert\u00e9brale dans les trois plans de l&rsquo;espace, impliquant notamment une rotation des vert\u00e8bres. <strong>Cette pathologie n&rsquo;a rien \u00e0 voir avec de mauvaises habitudes posturales.<\/strong><\/p>\n\n\n\n<p>L&rsquo;attitude scoliotique, quant \u00e0 elle, correspond \u00e0 une d\u00e9viation r\u00e9ductible qui dispara\u00eet en position couch\u00e9e et n&rsquo;implique pas de <a href=\"https:\/\/www.groupe-chirurgical-thiers.fr\/rachis\/la-scoliose\/\">rotation vert\u00e9brale<\/a>.\u00a0Les sp\u00e9cialistes sont cat\u00e9goriques : <strong>ni la mauvaise posture \u00e0 un pupitre ni les habitudes posturales quotidiennes ne provoquent ou n&rsquo;aggravent une scoliose structurale<\/strong>.<\/p>\n\n\n\n<p><\/p>\n\n\n\n<h2 class=\"wp-block-heading\">3. Les origines de la scoliose sont bien identifi\u00e9es par la science<\/h2>\n\n\n\n<h3 class=\"wp-block-heading\">\u274c FAUX : Les origines de la scolioses restent imparfaitement connues<\/h3>\n\n\n\n<p>Malgr\u00e9 des d\u00e9cennies de recherche, l&rsquo;\u00e9tiologie exacte de la scoliose <strong>idiopathique<\/strong> reste mal comprise. Comme son nom l&rsquo;indique (idiopathique signifiant \u00ab\u00a0sans cause connue\u00a0\u00bb), <a href=\"https:\/\/www.groupe-chirurgical-thiers.fr\/rachis\/la-scoliose\/\">son origine pr\u00e9cise demeure \u00e9nigmatique<\/a>. Les sp\u00e9cialistes s&rsquo;accordent sur une <strong>origine probablement multifactorielle<\/strong>, combinant plusieurs \u00e9l\u00e9ments.<\/p>\n\n\n\n<p>Het <strong>composante g\u00e9n\u00e9tique<\/strong> semble \u00eatre la plus \u00e9vidente, avec <a href=\"https:\/\/www.sciencedirect.com\/science\/article\/pii\/S1877065712000048\">environ 80% des scolioses idiopathiques ayant une origine g\u00e9n\u00e9tique<\/a>. Les chercheurs soup\u00e7onnent \u00e9galement l&rsquo;<a href=\"https:\/\/link.springer.com\/article\/10.1007\/BF00339521\">implication de perturbations du syst\u00e8me vestibulaire<\/a> (responsable de l&rsquo;\u00e9quilibre) ainsi que la <strong>glande pin\u00e9ale<\/strong> qui s\u00e9cr\u00e8te la <strong>m\u00e9latonine<\/strong>.<\/p>\n\n\n\n<p><\/p>\n\n\n\n<h2 class=\"wp-block-heading\">4. Une lourde charge r\u00e9p\u00e9t\u00e9e sur le dos peut aggraver le risque de scoliose<\/h2>\n\n\n\n<h3 class=\"wp-block-heading\">\u274c FAUX : Aucune preuve ne d\u00e9montre qu&rsquo;une charge lourde peut provoquer ou aggraver une scoliose<\/h3>\n\n\n\n<p>La recherche scientifique est claire : le port de charges, m\u00eame important, n\u2019est <strong>ni un facteur causal<\/strong>, <strong>ni un facteur aggravant<\/strong> d\u2019une scoliose idiopathique.<\/p>\n\n\n\n<p>Ce type de scoliose est une d\u00e9formation <strong>structurale et tridimensionnelle<\/strong> de la colonne vert\u00e9brale, souvent \u00e0 composante g\u00e9n\u00e9tique, et non une r\u00e9ponse \u00e0 un stress m\u00e9canique externe. Les douleurs dorsales li\u00e9es au port de charges sont g\u00e9n\u00e9ralement <strong>musculaires<\/strong>, transitoires, et sans lien avec une d\u00e9formation osseuse.<\/p>\n\n\n\n<p>Plusieurs \u00e9tudes concluent d&rsquo;\u00e9viter de porter une charge sur son dos d\u00e9passant le <strong>seuil des 10 % du poids corporel<\/strong>. Non pas pour pr\u00e9venir la scoliose, mais pour <strong>\u00e9viter l\u2019apparition de douleurs ou de troubles posturaux temporaires<\/strong>.<\/p>\n\n\n\n<figure class=\"wp-block-image size-large\"><img decoding=\"async\" width=\"1024\" height=\"683\" data-src=\"https:\/\/www.corsetdaum.be\/wp-content\/uploads\/2025\/04\/scoliometre-1024x683.png\" alt=\"Image repr\u00e9sentant un scoliom\u00e8tre, un dispositif pour mesurer la gravit\u00e9 d'une scoliose.\" class=\"wp-image-17715 lazyload\" data-srcset=\"https:\/\/www.corsetdaum.be\/wp-content\/uploads\/2025\/04\/scoliometre-1024x683.png 1024w, https:\/\/www.corsetdaum.be\/wp-content\/uploads\/2025\/04\/scoliometre-300x200.png 300w, https:\/\/www.corsetdaum.be\/wp-content\/uploads\/2025\/04\/scoliometre-768x512.png 768w, https:\/\/www.corsetdaum.be\/wp-content\/uploads\/2025\/04\/scoliometre-1536x1025.png 1536w, https:\/\/www.corsetdaum.be\/wp-content\/uploads\/2025\/04\/scoliometre-18x12.png 18w, https:\/\/www.corsetdaum.be\/wp-content\/uploads\/2025\/04\/scoliometre.png 1542w\" data-sizes=\"(max-width: 1024px) 100vw, 1024px\" src=\"data:image\/gif;base64,R0lGODlhAQABAAAAACH5BAEKAAEALAAAAAABAAEAAAICTAEAOw==\" style=\"--smush-placeholder-width: 1024px; --smush-placeholder-aspect-ratio: 1024\/683;\" \/><figcaption class=\"wp-element-caption\">un scoliom\u00e8tre, un dispositif pour mesurer la gravit\u00e9 d&rsquo;une scoliose.<\/figcaption><\/figure>\n\n\n\n<p><\/p>\n\n\n\n<h2 class=\"wp-block-heading\">5. La chirurgie est le meilleur moyen pour soigner une scoliose<\/h2>\n\n\n\n<h3 class=\"wp-block-heading\">\u274c FAUX : La chirurgie est une option r\u00e9serv\u00e9e \u00e0 certains cas de scoliose sp\u00e9cifiques<\/h3>\n\n\n\n<p>La chirurgie de la scoliose n&rsquo;est pas syst\u00e9matiquement indiqu\u00e9e pour tous les patients. <a href=\"https:\/\/www.chirurgie-rachis-lyon.fr\/scoliose-idiopathique-de-ladolescent\">Les sp\u00e9cialistes du rachis r\u00e9servent ce recours aux cas o\u00f9 la courbure de la colonne vert\u00e9brale est s\u00e9v\u00e8re<\/a> (quand l&rsquo;<a href=\"https:\/\/fr.wikipedia.org\/wiki\/Angle_de_Cobb\">Angle de Cobb<\/a> est sup\u00e9rieur \u00e0 40\u00b0) et \u00e9volutive, ou lorsque la d\u00e9formation entra\u00eene des douleurs importantes ou des troubles fonctionnels.<\/p>\n\n\n\n<p>Dans la majorit\u00e9 des cas, des traitements non chirurgicaux tels que le <a href=\"https:\/\/www.corsetdaum.be\/nl\/a-quoi-sert-un-corset-orthopedique\/\"><strong>port d&rsquo;un corset<\/strong><\/a> et la <strong>kin\u00e9sith\u00e9rapie<\/strong> sont privil\u00e9gi\u00e9s.\u200b<\/p>\n\n\n\n<p>Il ne faut pas oublier que <strong>la chirurgie comporte des risques<\/strong>, notamment des complications neurologiques, des infections ou des douleurs persistantes. De plus, elle <strong>entra\u00eene une rigidit\u00e9 permanente<\/strong> de la portion de la colonne vert\u00e9brale op\u00e9r\u00e9e.<\/p>\n\n\n\n<p><\/p>\n\n\n\n<figure class=\"wp-block-image size-large\"><img decoding=\"async\" width=\"1024\" height=\"833\" data-src=\"https:\/\/www.corsetdaum.be\/wp-content\/uploads\/2025\/04\/angledecobb-1024x833.jpg\" alt=\"\" class=\"wp-image-17716 lazyload\" data-srcset=\"https:\/\/www.corsetdaum.be\/wp-content\/uploads\/2025\/04\/angledecobb-1024x833.jpg 1024w, https:\/\/www.corsetdaum.be\/wp-content\/uploads\/2025\/04\/angledecobb-300x244.jpg 300w, https:\/\/www.corsetdaum.be\/wp-content\/uploads\/2025\/04\/angledecobb-768x624.jpg 768w, https:\/\/www.corsetdaum.be\/wp-content\/uploads\/2025\/04\/angledecobb-1536x1249.jpg 1536w, https:\/\/www.corsetdaum.be\/wp-content\/uploads\/2025\/04\/angledecobb-15x12.jpg 15w, https:\/\/www.corsetdaum.be\/wp-content\/uploads\/2025\/04\/angledecobb.jpg 1701w\" data-sizes=\"(max-width: 1024px) 100vw, 1024px\" src=\"data:image\/gif;base64,R0lGODlhAQABAAAAACH5BAEKAAEALAAAAAABAAEAAAICTAEAOw==\" style=\"--smush-placeholder-width: 1024px; --smush-placeholder-aspect-ratio: 1024\/833;\" \/><figcaption class=\"wp-element-caption\">L&rsquo;angle de Cobb<\/figcaption><\/figure>\n\n\n\n<p><\/p>\n\n\n\n<h2 class=\"wp-block-heading\">6. La scoliose peut se r\u00e9sorber spontan\u00e9ment avec le temps<\/h2>\n\n\n\n<h3 class=\"wp-block-heading\">\u274c FAUX : C&rsquo;est une d\u00e9formation permanente qui ne se corrige pas naturellement<\/h3>\n\n\n\n<p>Contrairement \u00e0 ce que certains pourraient esp\u00e9rer, <a href=\"https:\/\/www.has-sante.fr\/upload\/docs\/application\/pdf\/2022-10\/pnds.rachis.raphael_vialle_vf_21.09.2022.pdf\">une scoliose \u00e9tablie ne se r\u00e9sorbe pas d&rsquo;elle-m\u00eame avec le temps<\/a>. Une fois install\u00e9e, l<strong>a d\u00e9formation ne va pas se corriger spontan\u00e9ment<\/strong>. Lorsque la d\u00e9viation est mod\u00e9r\u00e9e, il est possible de la <strong>stabiliser gr\u00e2ce \u00e0 la pratique sportive<\/strong> ou parfois par le port d&rsquo;un corset orthop\u00e9dique, mais jamais de l&rsquo;\u00e9liminer compl\u00e8tement.<\/p>\n\n\n\n<p>En g\u00e9n\u00e9ral, <strong>tant que l&rsquo;Angle de Cobb reste inf\u00e9rieur \u00e0 30\u00b0<\/strong> et demeure stable, ses cons\u00e9quences fonctionnelles restent limit\u00e9es. <strong>En revanche, si elle s&rsquo;aggrave<\/strong> et se d\u00e9s\u00e9quilibre, avec une <strong>augmentation progressive de la d\u00e9viation<\/strong>, des interventions m\u00e9dicales plus significatives peuvent devenir n\u00e9cessaire.<\/p>\n\n\n\n<p><\/p>\n\n\n\n<h2 class=\"wp-block-heading\">7. Le port d&rsquo;un corset est inutile car la plupart des scolioses n&rsquo;\u00e9voluent pas<\/h2>\n\n\n\n<h3 class=\"wp-block-heading\">\u274c FAUX : L&rsquo;utilit\u00e9 d&rsquo;un corset orthop\u00e9dique a \u00e9t\u00e9 largement d\u00e9montr\u00e9e<\/h3>\n\n\n\n<p>M\u00eame si toutes les scolioses tr\u00e8s mod\u00e9r\u00e9es ne sont heureusement pas \u00e9volutives, la moiti\u00e9 au moins le sont et doivent \u00eatre trait\u00e9es. L\u2019une des pistes les plus avanc\u00e9es de la recherche consiste justement \u00e0&nbsp;<a href=\"https:\/\/www.sciencesetavenir.fr\/sante\/os-et-muscles\/scoliose-le-corset-du-futur-passe-par-la-modelisation-3d-de-la-colonne-vertebrale_102414\" target=\"_blank\" rel=\"noreferrer noopener\">d\u00e9terminer une unit\u00e9 d&rsquo;\u00e9volutivit\u00e9&nbsp;<\/a>qui devrait permettre de savoir quel patient, aura le plus d\u2019int\u00e9r\u00eat \u00e0 porter un corset orthop\u00e9dique et permettra \u00e9viter des prescriptions inutiles.<\/p>\n\n\n\n<p>En ce sens, un traitement comme le <strong><a href=\"https:\/\/www.corsetdaum.be\/bienvenue\/\">Corset DAUM\u00ae<\/a><\/strong>, gr\u00e2ce \u00e0 sa conception \u00e0 pistons unique, combine <strong>maintien<\/strong>, <strong>libert\u00e9 de mouvement<\/strong> of <strong>correction cibl\u00e9e<\/strong>. Contrairement aux corsets rigides classiques, <strong>il ne fige pas la posture mais accompagne le mouvement, vous donnant la libert\u00e9 de bouger<\/strong>, tout en r\u00e9duisant la douleur avec du temps et un suivi r\u00e9gulier et personnalis\u00e9.<\/p>\n\n\n\n<p><\/p>\n\n\n<div class=\"wp-block-image align=&quot;center&apos;&quot; is-style-default\">\n<figure class=\"aligncenter size-large is-resized\"><img decoding=\"async\" width=\"1024\" height=\"641\" data-src=\"https:\/\/www.corsetdaum.be\/wp-content\/uploads\/2020\/11\/protrusion-1024x641.png\" alt=\"corset pour le dos\" class=\"wp-image-17251 lazyload\" style=\"--smush-placeholder-width: 1024px; --smush-placeholder-aspect-ratio: 1024\/641;width:492px;height:auto\" data-srcset=\"https:\/\/www.corsetdaum.be\/wp-content\/uploads\/2020\/11\/protrusion-1024x641.png 1024w, https:\/\/www.corsetdaum.be\/wp-content\/uploads\/2020\/11\/protrusion-300x188.png 300w, https:\/\/www.corsetdaum.be\/wp-content\/uploads\/2020\/11\/protrusion-768x480.png 768w, https:\/\/www.corsetdaum.be\/wp-content\/uploads\/2020\/11\/protrusion-1536x961.png 1536w, https:\/\/www.corsetdaum.be\/wp-content\/uploads\/2020\/11\/protrusion-18x12.png 18w, https:\/\/www.corsetdaum.be\/wp-content\/uploads\/2020\/11\/protrusion.png 1712w\" data-sizes=\"(max-width: 1024px) 100vw, 1024px\" src=\"data:image\/gif;base64,R0lGODlhAQABAAAAACH5BAEKAAEALAAAAAABAAEAAAICTAEAOw==\" \/><figcaption class=\"wp-element-caption\">Le Corset DAUM\u00ae<\/figcaption><\/figure>\n<\/div>\n\n\n<h2 class=\"wp-block-heading\">Conclusion : Mieux comprendre la scoliose, c&rsquo;est aussi mieux prendre soin de son dos<\/h2>\n\n\n\n<p>En balayant les id\u00e9es re\u00e7ues sur la scoliose, on comprend \u00e0 quel point cette pathologie est trop souvent banalis\u00e9e ou mal interpr\u00e9t\u00e9e. Loin d\u2019\u00eatre un simple \u00ab\u202fprobl\u00e8me de posture\u202f\u00bb, la scoliose est une d\u00e9formation complexe, qui m\u00e9rite une attention pr\u00e9coce, un suivi adapt\u00e9 et, lorsque n\u00e9cessaire, un traitement structur\u00e9.<\/p>\n\n\n\n<p>Aujourd\u2019hui, les avanc\u00e9es m\u00e9dicales \u2014 qu\u2019il s\u2019agisse de l\u2019identification des facteurs de risque, de l\u2019orthop\u00e9die sur mesure comme le corset DAUM\u00ae, ou des protocoles de suivi \u2014 permettent d\u2019accompagner les patients avec pr\u00e9cision et efficacit\u00e9.<\/p>\n\n\n\n<p>Mais la scoliose n\u2019est qu\u2019un des nombreux visages des douleurs vert\u00e9brales. D\u2019autres troubles du dos, comme les <a href=\"https:\/\/www.corsetdaum.be\/nl\/traitement-de-la-lombalgie\/\">lombalgies<\/a>, les <a href=\"https:\/\/www.corsetdaum.be\/nl\/protrusion-hernie-discale-difference\/\">hernies discales<\/a> ou les <a href=\"https:\/\/www.corsetdaum.be\/nl\/dorsalgie-symptomes-causes-et-traitements\/\">douleurs m\u00e9caniques<\/a>, sont eux aussi entour\u00e9s de <strong>fausses croyances<\/strong> qui freinent une bonne prise en charge.<\/p>\n\n\n\n<p>\ud83d\udc49 Pour aller plus loin, vous pouvez lire notre article dans lequel la recherche scientifique d\u00e9mystifie <a href=\"https:\/\/www.corsetdaum.be\/nl\/7-mythes-sur-le-mal-de-dos-que-disent-les-experts\/\">7 mythes sur le mal de dos<\/a>.<\/p>\n\n\n\n<p><\/p>\n\n\n\n<div class=\"wp-block-buttons is-layout-flex wp-block-buttons-is-layout-flex\">\n<div class=\"wp-block-button\"><a class=\"wp-block-button__link wp-element-button\">D\u00e9couvrez le Corset Daum\u00ae<\/a><\/div>\n<\/div>\n\n\n\n<p><\/p>\n\n\n\n<p><\/p>","protected":false},"excerpt":{"rendered":"<p>La scoliose affecte une partie significative de la population est entour\u00e9e de nombreuses croyances populaire, souvent \u00e9loign\u00e9es de la r\u00e9alit\u00e9 m\u00e9dicale.<\/p>","protected":false},"author":12,"featured_media":17709,"comment_status":"open","ping_status":"open","sticky":false,"template":"","format":"standard","meta":{"footnotes":""},"categories":[31,16],"tags":[],"class_list":["post-17665","post","type-post","status-publish","format-standard","has-post-thumbnail","hentry","category-idees-recues","category-pathologies","generate-columns","tablet-grid-50","mobile-grid-100","grid-parent","grid-50"],"yoast_head":"<!-- This site is optimized with the Yoast SEO plugin v27.5 - https:\/\/yoast.com\/product\/yoast-seo-wordpress\/ -->\n<title>7 id\u00e9es re\u00e7ues sur la scoliose : que dit la Science ? - Corset DAUM<\/title>\n<meta name=\"description\" content=\"Dans cet article, d\u00e9mystifions 7 des id\u00e9es re\u00e7ues les plus courantes concernant la scoliose, et les recherches scientifiques qui le prouvent.\" \/>\n<meta name=\"robots\" content=\"index, follow, max-snippet:-1, max-image-preview:large, max-video-preview:-1\" \/>\n<link rel=\"canonical\" href=\"https:\/\/www.corsetdaum.be\/nl\/7-idees-recues-sur-la-scoliose\/\" \/>\n<meta property=\"og:locale\" content=\"nl_BE\" \/>\n<meta property=\"og:type\" content=\"article\" \/>\n<meta property=\"og:title\" content=\"7 id\u00e9es re\u00e7ues sur la scoliose : que dit la Science ? - Corset DAUM\" \/>\n<meta property=\"og:description\" content=\"Dans cet article, d\u00e9mystifions 7 des id\u00e9es re\u00e7ues les plus courantes concernant la scoliose, et les recherches scientifiques qui le prouvent.\" \/>\n<meta property=\"og:url\" content=\"https:\/\/www.corsetdaum.be\/nl\/7-idees-recues-sur-la-scoliose\/\" \/>\n<meta property=\"og:site_name\" content=\"Corset DAUM\" \/>\n<meta property=\"article:published_time\" content=\"2025-04-17T10:23:34+00:00\" \/>\n<meta property=\"article:modified_time\" content=\"2025-04-25T09:50:45+00:00\" \/>\n<meta property=\"og:image\" content=\"https:\/\/www.corsetdaum.be\/wp-content\/uploads\/2025\/04\/scoliose.png\" \/>\n\t<meta property=\"og:image:width\" content=\"1562\" \/>\n\t<meta property=\"og:image:height\" content=\"847\" \/>\n\t<meta property=\"og:image:type\" content=\"image\/png\" \/>\n<meta name=\"author\" content=\"pierre-antoine@26lights.com\" \/>\n<meta name=\"twitter:card\" content=\"summary_large_image\" \/>\n<meta name=\"twitter:label1\" content=\"Geschreven door\" \/>\n\t<meta name=\"twitter:data1\" content=\"pierre-antoine@26lights.com\" \/>\n\t<meta name=\"twitter:label2\" content=\"Geschatte leestijd\" \/>\n\t<meta name=\"twitter:data2\" content=\"7 minuten\" \/>\n<script type=\"application\/ld+json\" class=\"yoast-schema-graph\">{\"@context\":\"https:\\\/\\\/schema.org\",\"@graph\":[{\"@type\":\"Article\",\"@id\":\"https:\\\/\\\/www.corsetdaum.be\\\/7-idees-recues-sur-la-scoliose\\\/#article\",\"isPartOf\":{\"@id\":\"https:\\\/\\\/www.corsetdaum.be\\\/7-idees-recues-sur-la-scoliose\\\/\"},\"author\":{\"name\":\"pierre-antoine@26lights.com\",\"@id\":\"https:\\\/\\\/www.corsetdaum.be\\\/#\\\/schema\\\/person\\\/dec0a1f55d90b4a4f3b1285156dfffe6\"},\"headline\":\"7 id\u00e9es re\u00e7ues sur la scoliose : que dit la Science ?\",\"datePublished\":\"2025-04-17T10:23:34+00:00\",\"dateModified\":\"2025-04-25T09:50:45+00:00\",\"mainEntityOfPage\":{\"@id\":\"https:\\\/\\\/www.corsetdaum.be\\\/7-idees-recues-sur-la-scoliose\\\/\"},\"wordCount\":1334,\"commentCount\":0,\"publisher\":{\"@id\":\"https:\\\/\\\/www.corsetdaum.be\\\/#organization\"},\"image\":{\"@id\":\"https:\\\/\\\/www.corsetdaum.be\\\/7-idees-recues-sur-la-scoliose\\\/#primaryimage\"},\"thumbnailUrl\":\"https:\\\/\\\/www.corsetdaum.be\\\/wp-content\\\/uploads\\\/2025\\\/04\\\/scoliose.png\",\"articleSection\":[\"Id\u00e9es Re\u00e7ues\",\"Pathologies du dos\"],\"inLanguage\":\"nl-BE\",\"potentialAction\":[{\"@type\":\"CommentAction\",\"name\":\"Comment\",\"target\":[\"https:\\\/\\\/www.corsetdaum.be\\\/7-idees-recues-sur-la-scoliose\\\/#respond\"]}]},{\"@type\":\"WebPage\",\"@id\":\"https:\\\/\\\/www.corsetdaum.be\\\/7-idees-recues-sur-la-scoliose\\\/\",\"url\":\"https:\\\/\\\/www.corsetdaum.be\\\/7-idees-recues-sur-la-scoliose\\\/\",\"name\":\"7 id\u00e9es re\u00e7ues sur la scoliose : que dit la Science ? - Corset DAUM\",\"isPartOf\":{\"@id\":\"https:\\\/\\\/www.corsetdaum.be\\\/#website\"},\"primaryImageOfPage\":{\"@id\":\"https:\\\/\\\/www.corsetdaum.be\\\/7-idees-recues-sur-la-scoliose\\\/#primaryimage\"},\"image\":{\"@id\":\"https:\\\/\\\/www.corsetdaum.be\\\/7-idees-recues-sur-la-scoliose\\\/#primaryimage\"},\"thumbnailUrl\":\"https:\\\/\\\/www.corsetdaum.be\\\/wp-content\\\/uploads\\\/2025\\\/04\\\/scoliose.png\",\"datePublished\":\"2025-04-17T10:23:34+00:00\",\"dateModified\":\"2025-04-25T09:50:45+00:00\",\"description\":\"Dans cet article, d\u00e9mystifions 7 des id\u00e9es re\u00e7ues les plus courantes concernant la scoliose, et les recherches scientifiques qui le prouvent.\",\"breadcrumb\":{\"@id\":\"https:\\\/\\\/www.corsetdaum.be\\\/7-idees-recues-sur-la-scoliose\\\/#breadcrumb\"},\"inLanguage\":\"nl-BE\",\"potentialAction\":[{\"@type\":\"ReadAction\",\"target\":[\"https:\\\/\\\/www.corsetdaum.be\\\/7-idees-recues-sur-la-scoliose\\\/\"]}]},{\"@type\":\"ImageObject\",\"inLanguage\":\"nl-BE\",\"@id\":\"https:\\\/\\\/www.corsetdaum.be\\\/7-idees-recues-sur-la-scoliose\\\/#primaryimage\",\"url\":\"https:\\\/\\\/www.corsetdaum.be\\\/wp-content\\\/uploads\\\/2025\\\/04\\\/scoliose.png\",\"contentUrl\":\"https:\\\/\\\/www.corsetdaum.be\\\/wp-content\\\/uploads\\\/2025\\\/04\\\/scoliose.png\",\"width\":1562,\"height\":847,\"caption\":\"Image montrant un patient souffrant de pathologie du dos pr\u00e9sentant son dos \u00e0 un m\u00e9decin.\"},{\"@type\":\"BreadcrumbList\",\"@id\":\"https:\\\/\\\/www.corsetdaum.be\\\/7-idees-recues-sur-la-scoliose\\\/#breadcrumb\",\"itemListElement\":[{\"@type\":\"ListItem\",\"position\":1,\"name\":\"Accueil\",\"item\":\"https:\\\/\\\/www.corsetdaum.be\\\/\"},{\"@type\":\"ListItem\",\"position\":2,\"name\":\"7 id\u00e9es re\u00e7ues sur la scoliose : que dit la Science ?\"}]},{\"@type\":\"WebSite\",\"@id\":\"https:\\\/\\\/www.corsetdaum.be\\\/#website\",\"url\":\"https:\\\/\\\/www.corsetdaum.be\\\/\",\"name\":\"Corset DAUM\",\"description\":\"Retrouver la libert\u00e9 de bouger !\",\"publisher\":{\"@id\":\"https:\\\/\\\/www.corsetdaum.be\\\/#organization\"},\"potentialAction\":[{\"@type\":\"SearchAction\",\"target\":{\"@type\":\"EntryPoint\",\"urlTemplate\":\"https:\\\/\\\/www.corsetdaum.be\\\/?s={search_term_string}\"},\"query-input\":{\"@type\":\"PropertyValueSpecification\",\"valueRequired\":true,\"valueName\":\"search_term_string\"}}],\"inLanguage\":\"nl-BE\"},{\"@type\":\"Organization\",\"@id\":\"https:\\\/\\\/www.corsetdaum.be\\\/#organization\",\"name\":\"Corset DAUM\",\"url\":\"https:\\\/\\\/www.corsetdaum.be\\\/\",\"logo\":{\"@type\":\"ImageObject\",\"inLanguage\":\"nl-BE\",\"@id\":\"https:\\\/\\\/www.corsetdaum.be\\\/#\\\/schema\\\/logo\\\/image\\\/\",\"url\":\"https:\\\/\\\/www.corsetdaum.be\\\/wp-content\\\/uploads\\\/2020\\\/04\\\/cropped-LOGO-CORSET-DAUM-COULEUR-3.png\",\"contentUrl\":\"https:\\\/\\\/www.corsetdaum.be\\\/wp-content\\\/uploads\\\/2020\\\/04\\\/cropped-LOGO-CORSET-DAUM-COULEUR-3.png\",\"width\":350,\"height\":130,\"caption\":\"Corset DAUM\"},\"image\":{\"@id\":\"https:\\\/\\\/www.corsetdaum.be\\\/#\\\/schema\\\/logo\\\/image\\\/\"}},{\"@type\":\"Person\",\"@id\":\"https:\\\/\\\/www.corsetdaum.be\\\/#\\\/schema\\\/person\\\/dec0a1f55d90b4a4f3b1285156dfffe6\",\"name\":\"pierre-antoine@26lights.com\",\"image\":{\"@type\":\"ImageObject\",\"inLanguage\":\"nl-BE\",\"@id\":\"https:\\\/\\\/secure.gravatar.com\\\/avatar\\\/47368f7d02b82da7740bcc863539a4c6c350b53aa982395015b88c82297cfd7e?s=96&d=mm&r=g\",\"url\":\"https:\\\/\\\/secure.gravatar.com\\\/avatar\\\/47368f7d02b82da7740bcc863539a4c6c350b53aa982395015b88c82297cfd7e?s=96&d=mm&r=g\",\"contentUrl\":\"https:\\\/\\\/secure.gravatar.com\\\/avatar\\\/47368f7d02b82da7740bcc863539a4c6c350b53aa982395015b88c82297cfd7e?s=96&d=mm&r=g\",\"caption\":\"pierre-antoine@26lights.com\"},\"url\":\"https:\\\/\\\/www.corsetdaum.be\\\/nl\\\/author\\\/pierre-antoine26lights-com\\\/\"}]}<\/script>\n<!-- \/ Yoast SEO plugin. -->","yoast_head_json":{"title":"7 id\u00e9es re\u00e7ues sur la scoliose : que dit la Science ? - Corset DAUM","description":"Dans cet article, d\u00e9mystifions 7 des id\u00e9es re\u00e7ues les plus courantes concernant la scoliose, et les recherches scientifiques qui le prouvent.","robots":{"index":"index","follow":"follow","max-snippet":"max-snippet:-1","max-image-preview":"max-image-preview:large","max-video-preview":"max-video-preview:-1"},"canonical":"https:\/\/www.corsetdaum.be\/nl\/7-idees-recues-sur-la-scoliose\/","og_locale":"nl_BE","og_type":"article","og_title":"7 id\u00e9es re\u00e7ues sur la scoliose : que dit la Science ? - Corset DAUM","og_description":"Dans cet article, d\u00e9mystifions 7 des id\u00e9es re\u00e7ues les plus courantes concernant la scoliose, et les recherches scientifiques qui le prouvent.","og_url":"https:\/\/www.corsetdaum.be\/nl\/7-idees-recues-sur-la-scoliose\/","og_site_name":"Corset DAUM","article_published_time":"2025-04-17T10:23:34+00:00","article_modified_time":"2025-04-25T09:50:45+00:00","og_image":[{"width":1562,"height":847,"url":"https:\/\/www.corsetdaum.be\/wp-content\/uploads\/2025\/04\/scoliose.png","type":"image\/png"}],"author":"pierre-antoine@26lights.com","twitter_card":"summary_large_image","twitter_misc":{"Geschreven door":"pierre-antoine@26lights.com","Geschatte leestijd":"7 minuten"},"schema":{"@context":"https:\/\/schema.org","@graph":[{"@type":"Article","@id":"https:\/\/www.corsetdaum.be\/7-idees-recues-sur-la-scoliose\/#article","isPartOf":{"@id":"https:\/\/www.corsetdaum.be\/7-idees-recues-sur-la-scoliose\/"},"author":{"name":"pierre-antoine@26lights.com","@id":"https:\/\/www.corsetdaum.be\/#\/schema\/person\/dec0a1f55d90b4a4f3b1285156dfffe6"},"headline":"7 id\u00e9es re\u00e7ues sur la scoliose : que dit la Science ?","datePublished":"2025-04-17T10:23:34+00:00","dateModified":"2025-04-25T09:50:45+00:00","mainEntityOfPage":{"@id":"https:\/\/www.corsetdaum.be\/7-idees-recues-sur-la-scoliose\/"},"wordCount":1334,"commentCount":0,"publisher":{"@id":"https:\/\/www.corsetdaum.be\/#organization"},"image":{"@id":"https:\/\/www.corsetdaum.be\/7-idees-recues-sur-la-scoliose\/#primaryimage"},"thumbnailUrl":"https:\/\/www.corsetdaum.be\/wp-content\/uploads\/2025\/04\/scoliose.png","articleSection":["Id\u00e9es Re\u00e7ues","Pathologies du dos"],"inLanguage":"nl-BE","potentialAction":[{"@type":"CommentAction","name":"Comment","target":["https:\/\/www.corsetdaum.be\/7-idees-recues-sur-la-scoliose\/#respond"]}]},{"@type":"WebPage","@id":"https:\/\/www.corsetdaum.be\/7-idees-recues-sur-la-scoliose\/","url":"https:\/\/www.corsetdaum.be\/7-idees-recues-sur-la-scoliose\/","name":"7 id\u00e9es re\u00e7ues sur la scoliose : que dit la Science ? - Corset DAUM","isPartOf":{"@id":"https:\/\/www.corsetdaum.be\/#website"},"primaryImageOfPage":{"@id":"https:\/\/www.corsetdaum.be\/7-idees-recues-sur-la-scoliose\/#primaryimage"},"image":{"@id":"https:\/\/www.corsetdaum.be\/7-idees-recues-sur-la-scoliose\/#primaryimage"},"thumbnailUrl":"https:\/\/www.corsetdaum.be\/wp-content\/uploads\/2025\/04\/scoliose.png","datePublished":"2025-04-17T10:23:34+00:00","dateModified":"2025-04-25T09:50:45+00:00","description":"Dans cet article, d\u00e9mystifions 7 des id\u00e9es re\u00e7ues les plus courantes concernant la scoliose, et les recherches scientifiques qui le prouvent.","breadcrumb":{"@id":"https:\/\/www.corsetdaum.be\/7-idees-recues-sur-la-scoliose\/#breadcrumb"},"inLanguage":"nl-BE","potentialAction":[{"@type":"ReadAction","target":["https:\/\/www.corsetdaum.be\/7-idees-recues-sur-la-scoliose\/"]}]},{"@type":"ImageObject","inLanguage":"nl-BE","@id":"https:\/\/www.corsetdaum.be\/7-idees-recues-sur-la-scoliose\/#primaryimage","url":"https:\/\/www.corsetdaum.be\/wp-content\/uploads\/2025\/04\/scoliose.png","contentUrl":"https:\/\/www.corsetdaum.be\/wp-content\/uploads\/2025\/04\/scoliose.png","width":1562,"height":847,"caption":"Image montrant un patient souffrant de pathologie du dos pr\u00e9sentant son dos \u00e0 un m\u00e9decin."},{"@type":"BreadcrumbList","@id":"https:\/\/www.corsetdaum.be\/7-idees-recues-sur-la-scoliose\/#breadcrumb","itemListElement":[{"@type":"ListItem","position":1,"name":"Accueil","item":"https:\/\/www.corsetdaum.be\/"},{"@type":"ListItem","position":2,"name":"7 id\u00e9es re\u00e7ues sur la scoliose : que dit la Science ?"}]},{"@type":"WebSite","@id":"https:\/\/www.corsetdaum.be\/#website","url":"https:\/\/www.corsetdaum.be\/","name":"Corset DAUM","description":"Retrouver la libert\u00e9 de bouger !","publisher":{"@id":"https:\/\/www.corsetdaum.be\/#organization"},"potentialAction":[{"@type":"SearchAction","target":{"@type":"EntryPoint","urlTemplate":"https:\/\/www.corsetdaum.be\/?s={search_term_string}"},"query-input":{"@type":"PropertyValueSpecification","valueRequired":true,"valueName":"search_term_string"}}],"inLanguage":"nl-BE"},{"@type":"Organization","@id":"https:\/\/www.corsetdaum.be\/#organization","name":"Corset DAUM","url":"https:\/\/www.corsetdaum.be\/","logo":{"@type":"ImageObject","inLanguage":"nl-BE","@id":"https:\/\/www.corsetdaum.be\/#\/schema\/logo\/image\/","url":"https:\/\/www.corsetdaum.be\/wp-content\/uploads\/2020\/04\/cropped-LOGO-CORSET-DAUM-COULEUR-3.png","contentUrl":"https:\/\/www.corsetdaum.be\/wp-content\/uploads\/2020\/04\/cropped-LOGO-CORSET-DAUM-COULEUR-3.png","width":350,"height":130,"caption":"Corset DAUM"},"image":{"@id":"https:\/\/www.corsetdaum.be\/#\/schema\/logo\/image\/"}},{"@type":"Person","@id":"https:\/\/www.corsetdaum.be\/#\/schema\/person\/dec0a1f55d90b4a4f3b1285156dfffe6","name":"pierre-antoine@26lights.com","image":{"@type":"ImageObject","inLanguage":"nl-BE","@id":"https:\/\/secure.gravatar.com\/avatar\/47368f7d02b82da7740bcc863539a4c6c350b53aa982395015b88c82297cfd7e?s=96&d=mm&r=g","url":"https:\/\/secure.gravatar.com\/avatar\/47368f7d02b82da7740bcc863539a4c6c350b53aa982395015b88c82297cfd7e?s=96&d=mm&r=g","contentUrl":"https:\/\/secure.gravatar.com\/avatar\/47368f7d02b82da7740bcc863539a4c6c350b53aa982395015b88c82297cfd7e?s=96&d=mm&r=g","caption":"pierre-antoine@26lights.com"},"url":"https:\/\/www.corsetdaum.be\/nl\/author\/pierre-antoine26lights-com\/"}]}},"_links":{"self":[{"href":"https:\/\/www.corsetdaum.be\/nl\/wp-json\/wp\/v2\/posts\/17665","targetHints":{"allow":["GET"]}}],"collection":[{"href":"https:\/\/www.corsetdaum.be\/nl\/wp-json\/wp\/v2\/posts"}],"about":[{"href":"https:\/\/www.corsetdaum.be\/nl\/wp-json\/wp\/v2\/types\/post"}],"author":[{"embeddable":true,"href":"https:\/\/www.corsetdaum.be\/nl\/wp-json\/wp\/v2\/users\/12"}],"replies":[{"embeddable":true,"href":"https:\/\/www.corsetdaum.be\/nl\/wp-json\/wp\/v2\/comments?post=17665"}],"version-history":[{"count":22,"href":"https:\/\/www.corsetdaum.be\/nl\/wp-json\/wp\/v2\/posts\/17665\/revisions"}],"predecessor-version":[{"id":17742,"href":"https:\/\/www.corsetdaum.be\/nl\/wp-json\/wp\/v2\/posts\/17665\/revisions\/17742"}],"wp:featuredmedia":[{"embeddable":true,"href":"https:\/\/www.corsetdaum.be\/nl\/wp-json\/wp\/v2\/media\/17709"}],"wp:attachment":[{"href":"https:\/\/www.corsetdaum.be\/nl\/wp-json\/wp\/v2\/media?parent=17665"}],"wp:term":[{"taxonomy":"category","embeddable":true,"href":"https:\/\/www.corsetdaum.be\/nl\/wp-json\/wp\/v2\/categories?post=17665"},{"taxonomy":"post_tag","embeddable":true,"href":"https:\/\/www.corsetdaum.be\/nl\/wp-json\/wp\/v2\/tags?post=17665"}],"curies":[{"name":"wp","href":"https:\/\/api.w.org\/{rel}","templated":true}]}}