{"id":17734,"date":"2025-04-25T11:42:54","date_gmt":"2025-04-25T09:42:54","guid":{"rendered":"https:\/\/www.corsetdaum.be\/?p=17734"},"modified":"2025-04-25T11:42:55","modified_gmt":"2025-04-25T09:42:55","slug":"lessentiel-du-rachis-mai-2025","status":"publish","type":"post","link":"https:\/\/www.corsetdaum.be\/nl\/lessentiel-du-rachis-mai-2025\/","title":{"rendered":"L&rsquo;Essentiel du Rachis &#8211; Mai 2025"},"content":{"rendered":"<p>Depuis 2023, Corset Daum rassemble chaque mois les \u00e9tudes scientifiques les plus int\u00e9ressantes concernant le rachis et le traitement des pathologies qui l&rsquo;affectent.<\/p>\n<p>En Avril, ne te d\u00e9couvre pas d&rsquo;un fil&#8230; Pour notre part, on continue de suivre le fil des avanc\u00e9es scientifiques sur le rachis!<\/p>\n<p>Ce mois-ci, nous explorons des th\u00e9matiques aussi vari\u00e9es que l\u2019influence des asym\u00e9tries musculaires sur la lombalgie, l\u2019implication de la sensibilisation centrale dans les douleurs chroniques, ainsi que les bienfaits de l\u2019exercice physique \u2013 notamment l\u2019entra\u00eenement en extension lombaire isol\u00e9e \u2013 pour am\u00e9liorer la prise en charge des patients. Voici un tour d\u2019horizon des recherches r\u00e9centes qui fa\u00e7onnent l\u2019avenir des traitements du rachis.<\/p>\n<p><a href=\"#Article1\">1<!-- notionvc: 8f97b4f8-9661-4688-a8ba-6553b8d02427 --><!-- notionvc: 9c662ffa-2cc7-421e-9759-2b5ebc626248 -->. <\/a><a style=\"background-color: #ffffff;\" href=\"#Article1\">\u26a1\ufe0f Effet de la th\u00e9rapie par ondes de choc focalis\u00e9es sur l&rsquo;efficacit\u00e9 fonctionnelle chez les patients atteints de la lombalgie chronique : un essai clinique randomis\u00e9<\/a><\/p>\n<p><a href=\"#Article1\"><!-- notionvc: 8ce04d53-2b13-4d04-921e-6bdaf861f290 --><\/a><!-- notionvc: 35f18606-a878-4e41-8634-aa61198efa4c --><!-- notionvc: 3c242c4b-b1c7-48ec-91eb-ae725f927c67 --><\/p>\n<p><a href=\"#Article2\">2. \ud83d\udca4 Pr\u00e9valence de l&rsquo;insomnie chez les patients atteints de lombalgie chronique : une \u00e9tude transversale<!-- notionvc: 6863e8fc-7c1a-4a93-9827-0eb23989f9ef --><\/a><\/p>\n<p><!-- notionvc: 0c4b7d7e-2432-4b63-a305-7a9df5551879 --><\/p>\n<p><a href=\"#Article3\">3. \ud83d\udc8a Relaxants musculaires non-benzodiaz\u00e9piniques oraux pour les lombalgies aigu\u00ebs et chroniques : revue syst\u00e9matique et m\u00e9ta-analyse<\/a><\/p>\n<p><a href=\"#Article3\"><!-- notionvc: eb08a660-49c8-4cd9-a782-03f92b51c65a --><\/a><a href=\"#Article4\">4. \ud83e\udde0 Syst\u00e8me de d\u00e9pistage pour \u00e9valuer l&rsquo;ad\u00e9quation \u00e0 la th\u00e9rapie cognitivo-comportementale chez les patients souffrant de lombalgie chronique<\/a><\/p>\n<p><a href=\"#Article4\"><!-- notionvc: dfa948f3-7d3d-4589-8054-83f599ec8810 --><\/a>Bonne lecture !<\/p>\n<h2 style=\"font-family: Montserrat, sans-serif; font-style: normal; white-space-collapse: collapse;\">\u26a1\ufe0f Effet de la th\u00e9rapie par ondes de choc focalis\u00e9es sur l&rsquo;efficacit\u00e9 fonctionnelle chez les patients atteints de lombalgie chronique : un essai clinique randomis\u00e9<!-- notionvc: a4529bbb-adca-4056-91fc-8eddef813002 --><\/h2>\n<p><em>Katarzyna Ptaszkowska, Anna Paprocka-Borowicz, Tomasz Halski, Agnieszka S\u0142upska, Tomasz Demczyszak<\/em><!-- notionvc: 286fc9bc-5a4a-4146-94ef-4518e5d7810a --><br \/><!-- notionvc: a5d78950-6314-458f-9b91-b53cfe53fc28 --><\/p>\n<p>Cette \u00e9tude visait \u00e0 \u00e9valuer l&rsquo;effet de la th\u00e9rapie par ondes de choc focalis\u00e9es (FSWT) sur l&rsquo;efficacit\u00e9 fonctionnelle et les param\u00e8tres stabilom\u00e9triques chez des patients atteints de lombalgie chronique. Les participants ont \u00e9t\u00e9 randomis\u00e9s en deux groupes : un groupe recevant la FSWT et un groupe t\u00e9moin recevant un traitement placebo. Les \u00e9valuations comprenaient des tests fonctionnels et des mesures stabilom\u00e9triques avant et apr\u00e8s l&rsquo;intervention. Les r\u00e9sultats ont montr\u00e9 que le groupe FSWT pr\u00e9sentait des am\u00e9liorations significatives de la fonction physique et des param\u00e8tres de stabilom\u00e9trie par rapport au groupe t\u00e9moin. Ces r\u00e9sultats sugg\u00e8rent que la FSWT peut \u00eatre un traitement compl\u00e9mentaire efficace pour les patients souffrant de lombalgie chronique.<!-- notionvc: f2a843b1-bef8-4833-a3f7-19f2c852745d --><\/p>\n<p><!-- notionvc: e2e628b1-38dd-4c6f-b2a0-d9c886f7a83f --><\/p>\n<p><a href=\"https:\/\/www.termedia.pl\/f\/journals\/hm\/HM 2010 vol 11 no 2.pdf\" data-wplink-url-error=\"true\">Disponible sur termedia.pl<\/a><\/p>\n<h2 style=\"font-family: Montserrat, sans-serif; font-style: normal; white-space-collapse: collapse;\">\ud83d\udca4 Pr\u00e9valence de l&rsquo;insomnie chez les patients atteints de lombalgie chronique : une \u00e9tude transversale<\/h2>\n<p><em>Maryam Rauf, Urooj E. Fatima, Hamza Dastgir, Marwah Bukhtiar, Azka Farooqi, Muhammad Faizan Hamid<!-- notionvc: c1a326d4-b8cc-4c2d-8a3c-a464014b82f4 --><\/em><br \/><!-- notionvc: e3841100-c468-4b40-9587-3b365b2d0472 --><\/p>\n<p>Cette \u00e9tude transversale a \u00e9valu\u00e9 la pr\u00e9valence de l\u2019insomnie chez 65 patients atteints de lombalgie chronique (CLBP) depuis plus de six mois. \u00c0 l\u2019aide de l\u2019Insomnia Severity Index (ISI), de l\u2019Oswestry Disability Index (ODI) et de l\u2019\u00e9chelle num\u00e9rique de la douleur (NRS), les auteurs ont trouv\u00e9 que 63,1 % des participants pr\u00e9sentaient une insomnie clinique s\u00e9v\u00e8re, et 21,5 % une insomnie mod\u00e9r\u00e9e. L\u2019intensit\u00e9 de la douleur moyenne (NRS = 6,8) \u00e9tait significativement corr\u00e9l\u00e9e \u00e0 la s\u00e9v\u00e9rit\u00e9 de l\u2019insomnie, \u00e9tablissant une relation bidirectionnelle entre douleur et troubles du sommeil.<\/p>\n<p>Les scores \u00e9lev\u00e9s \u00e0 l\u2019ODI indiquent une alt\u00e9ration marqu\u00e9e des activit\u00e9s quotidiennes, notamment les t\u00e2ches m\u00e9nag\u00e8res, les d\u00e9placements ou la station debout. L\u2019\u00e9tude met en \u00e9vidence un cercle vicieux : une mauvaise qualit\u00e9 de sommeil intensifie la douleur, qui \u00e0 son tour perturbe encore davantage le sommeil. Malgr\u00e9 l\u2019absence de discussion approfondie sur les interventions, les auteurs recommandent une prise en charge globale combinant strat\u00e9gies physiques et gestion des troubles du sommeil.<!-- notionvc: c1ea8d27-22e6-4951-b94f-fec6fce44982 --><\/p>\n<p><!-- notionvc: e03788b5-757a-49c9-8fa8-6c75efb1a87a --><\/p>\n<p><!-- notionvc: eecdaf05-493d-40e6-b62c-f5255ffb81e9 --><\/p>\n<p><!-- notionvc: 728b1def-0ebc-4b5d-aba6-7091c1a196ee --><\/p>\n<p><!-- notionvc: 10d58460-1ee2-44ba-a64b-3282507b9178 --><\/p>\n<p><!-- notionvc: 45405bca-4051-4a65-99f8-8697815be424 --><\/p>\n<p><!-- notionvc: 5f787858-92aa-4c5b-84fe-399f9301d62d --><\/p>\n<p><!-- notionvc: 83bfd575-a70c-4624-9a60-195927fa5da6 --><\/p>\n<p><!-- notionvc: e9a38fc0-e359-4e59-992f-0e5de995c2cf --><\/p>\n<p><!-- notionvc: a4e03ddc-0ecd-4d1d-a1b6-3bdac048bdf4 --><\/p>\n<p><!-- notionvc: 6e2e3b07-b740-4889-a653-190b69b48763 --><\/p>\n<p><!-- notionvc: 9b0f09ed-6d83-4ecc-8238-d5384c342419 --><\/p>\n<p><!-- notionvc: 8e86c57c-6ba2-468b-a8a5-05964b6dbe1b --><\/p>\n<p><a href=\"https:\/\/thehealerjournal.com\/index.php\/templates\/article\/view\/349\/179\">Disponible sur The Healer Journal<\/a><\/p>\n<h2 style=\"font-family: Montserrat, sans-serif; font-style: normal; white-space-collapse: collapse;\">\ud83e\udde0 Relaxants musculaires non-benzodiaz\u00e9piniques oraux pour les lombalgies aigu\u00ebs et chroniques : revue syst\u00e9matique et m\u00e9ta-analyse<\/h2>\n<p><em>Andrea Manca, Lucia Cugusi, Maurits van Tulder, Andrea Furlan, Federico Solla, Marco Monticone<\/em><!-- notionvc: 837de060-d27f-4290-adab-9a0f37815cb0 --><br \/><!-- notionvc: 54e27b51-f0a0-46bd-8e60-a82fd947c0ca --><\/p>\n<p>Cette revue syst\u00e9matique et m\u00e9ta-analyse visait \u00e0 \u00e9valuer les b\u00e9n\u00e9fices et les effets ind\u00e9sirables des relaxants musculaires non-benzodiaz\u00e9piniques oraux chez les personnes souffrant de lombalgie aigu\u00eb (&lt;6 semaines) ou chronique (&gt;12 semaines). Les auteurs ont analys\u00e9 50 essais contr\u00f4l\u00e9s randomis\u00e9s, incluant un total de 7 531 participants, dont les donn\u00e9es de 4 775 ont \u00e9t\u00e9 incluses dans les m\u00e9ta-analyses.<\/p>\n<p>Pour les lombalgies aigu\u00ebs, les relaxants musculaires non-benzodiaz\u00e9piniques ont \u00e9t\u00e9 associ\u00e9s \u00e0 une probabilit\u00e9 accrue de soulagement de la douleur (RR : 0,53 ; p &lt; 0,0001), d&rsquo;efficacit\u00e9 globale (RR : 0,49 ; p = 0,0001), de r\u00e9duction des spasmes musculaires (RR : 0,62 ; p &lt; 0,00001) et d&rsquo;am\u00e9lioration des r\u00e9sultats physiques (RR : 0,60 ; p &lt; 0,00001) par rapport au placebo.<\/p>\n<p>Cependant, ces m\u00e9dicaments ont \u00e9galement \u00e9t\u00e9 associ\u00e9s \u00e0 une fr\u00e9quence plus \u00e9lev\u00e9e d&rsquo;effets ind\u00e9sirables (RR : 1,56 ; p = 0,003), en particulier au niveau du syst\u00e8me nerveux central (RR : 2,40 ; p &lt; 0,00001), mais pas au niveau gastro-intestinal (RR : 0,77 ; p = 0,62).<\/p>\n<p>Cependant, cette combinaison n&rsquo;a pas entra\u00een\u00e9 de diff\u00e9rences significatives en termes d&rsquo;effets ind\u00e9sirables totaux (RR : 1,15 ; p = 0,50) ou gastro-intestinaux (RR : 0,63 ; p = 0,08), bien qu&rsquo;elle ait \u00e9t\u00e9 responsable de plus d&rsquo;effets ind\u00e9sirables au niveau du syst\u00e8me nerveux central (RR : 1,91 ; p = 0,002).<\/p>\n<p>Pour les lombalgies chroniques, seules les donn\u00e9es sur les effets ind\u00e9sirables totaux ont pu \u00eatre regroup\u00e9es, sans diff\u00e9rence significative entre les groupes (RR : 0,93 ; p = 0,69). Les auteurs concluent que les relaxants musculaires non-benzodiaz\u00e9piniques peuvent \u00eatre b\u00e9n\u00e9fiques \u00e0 court terme pour la lombalgie aigu\u00eb, mais leur utilisation doit \u00eatre \u00e9quilibr\u00e9e avec le risque d&rsquo;effets ind\u00e9sirables, en particulier au niveau du syst\u00e8me nerveux central.<!-- notionvc: e26b338c-27af-4afb-a883-f73de694c0da --><\/p>\n<p><!-- notionvc: d9dcb968-2dd2-4ce7-875a-2c1a65df2ebc --><\/p>\n<p><a href=\"https:\/\/link.springer.com\/content\/pdf\/10.1007\/s00586-025-08786-0.pdf\">Disponible sur Springer.com<\/a><\/p>\n<h2 style=\"font-family: Montserrat, sans-serif; font-style: normal; white-space-collapse: collapse;\">\ud83e\udea1 Syst\u00e8me de d\u00e9pistage pour \u00e9valuer l&rsquo;ad\u00e9quation \u00e0 la th\u00e9rapie cognitivo-comportementale chez les patients souffrant de lombalgie chronique.<\/h2>\n<p><em>Keisuke Shimizu, Kazuhide Inage, Hiroto Chikubu, Sumihisa Orita, Yasuhiro Shiga, Masahiro Inoue, Yawara Eguchi, Mitsuo Morita, Akiko Ichihara, Arika Ono, Seiji Ohtori<!-- notionvc: 02f08ece-5050-4f14-a152-8a15bc0c7301 --><\/em><br \/><!-- notionvc: c77548f4-1b13-4de0-abf5-227ce825c511 --><\/p>\n<p>Cette \u00e9tude cas-t\u00e9moins a examin\u00e9 l&rsquo;utilit\u00e9 de la complexit\u00e9 de l&rsquo;\u00e9lectroenc\u00e9phalogramme (EEG) pour \u00e9valuer l&rsquo;ad\u00e9quation des patients souffrant de lombalgie chronique \u00e0 la th\u00e9rapie cognitivo-comportementale (TCC). Cinquante patients pr\u00e9sentant des facteurs psychosociaux associ\u00e9s \u00e0 leur lombalgie chronique ont \u00e9t\u00e9 inclus, aux c\u00f4t\u00e9s de 20 volontaires sains.<\/p>\n<p>Parmi les patients, 25 ont \u00e9t\u00e9 identifi\u00e9s comme r\u00e9pondeurs \u00e0 la TCC et 25 comme non-r\u00e9pondeurs. La complexit\u00e9 de l&rsquo;EEG a \u00e9t\u00e9 analys\u00e9e en utilisant l&rsquo;entropie floue multiscale (MFSE). Les r\u00e9sultats ont montr\u00e9 que le score MFSE dans la bande de basse fr\u00e9quence avait une capacit\u00e9 discriminative \u00e9lev\u00e9e (aire sous la courbe : 0,825) avec une valeur seuil de 1,25. Un score MFSE faible dans cette bande \u00e9tait associ\u00e9 \u00e0 une probabilit\u00e9 accrue de non-r\u00e9ponse \u00e0 la TCC (odds ratio : 10,768 ; intervalle de confiance \u00e0 95 % : 8,263\u201310,044 ; p &lt; 0,001).<\/p>\n<p>Ces r\u00e9sultats sugg\u00e8rent que la complexit\u00e9 de l&rsquo;EEG \u00e0 basse fr\u00e9quence pourrait servir de biomarqueur objectif pour pr\u00e9dire l&rsquo;ad\u00e9quation des patients \u00e0 la TCC, permettant ainsi une personnalisation des traitements et une r\u00e9duction des co\u00fbts m\u00e9dicaux.<!-- notionvc: 513fa57d-aa5e-4953-b1c7-94047ab8bef0 --><\/p>\n<p><!-- notionvc: acea3f56-f7d0-454e-a498-b535d35f72ca --><\/p>\n<p><!-- notionvc: b88be2e4-13c4-417c-99cb-0c7bc706a5eb --><\/p>\n<p><a href=\"https:\/\/www.nature.com\/articles\/s41598-025-95948-1\">Disponible sur Nature.com<\/a><\/p>\n<p>Nous nous retrouvons le mois prochain pour de nouvelles avanc\u00e9es sur le rachis !<\/p>\n\n\n<p><\/p>","protected":false},"excerpt":{"rendered":"<p>Depuis 2023, Corset Daum rassemble chaque mois les \u00e9tudes scientifiques les plus int\u00e9ressantes concernant le rachis et le traitement des &#8230; <a title=\"L&rsquo;Essentiel du Rachis &#8211; Mai 2025\" class=\"read-more\" href=\"https:\/\/www.corsetdaum.be\/nl\/lessentiel-du-rachis-mai-2025\/\">Lire plus<\/a><\/p>","protected":false},"author":12,"featured_media":17741,"comment_status":"open","ping_status":"open","sticky":false,"template":"","format":"standard","meta":{"footnotes":""},"categories":[30],"tags":[],"class_list":["post-17734","post","type-post","status-publish","format-standard","has-post-thumbnail","hentry","category-edr","generate-columns","tablet-grid-50","mobile-grid-100","grid-parent","grid-50"],"yoast_head":"<!-- This site is optimized with the Yoast SEO plugin v27.5 - https:\/\/yoast.com\/product\/yoast-seo-wordpress\/ -->\n<title>L&#039;Essentiel du Rachis - Mai 2025 - Corset DAUM<\/title>\n<meta name=\"robots\" content=\"index, follow, max-snippet:-1, max-image-preview:large, max-video-preview:-1\" \/>\n<link rel=\"canonical\" href=\"https:\/\/www.corsetdaum.be\/nl\/lessentiel-du-rachis-mai-2025\/\" \/>\n<meta property=\"og:locale\" content=\"nl_BE\" \/>\n<meta property=\"og:type\" content=\"article\" \/>\n<meta property=\"og:title\" content=\"L&#039;Essentiel du Rachis - Mai 2025 - Corset DAUM\" \/>\n<meta property=\"og:description\" content=\"Depuis 2023, Corset Daum rassemble chaque mois les \u00e9tudes scientifiques les plus int\u00e9ressantes concernant le rachis et le traitement des ... Lire plus\" \/>\n<meta property=\"og:url\" content=\"https:\/\/www.corsetdaum.be\/nl\/lessentiel-du-rachis-mai-2025\/\" \/>\n<meta property=\"og:site_name\" content=\"Corset DAUM\" \/>\n<meta property=\"article:published_time\" content=\"2025-04-25T09:42:54+00:00\" \/>\n<meta property=\"article:modified_time\" content=\"2025-04-25T09:42:55+00:00\" \/>\n<meta property=\"og:image\" content=\"https:\/\/www.corsetdaum.be\/wp-content\/uploads\/2025\/04\/featuredimagemai.jpg\" \/>\n\t<meta property=\"og:image:width\" content=\"1920\" \/>\n\t<meta property=\"og:image:height\" content=\"1080\" \/>\n\t<meta property=\"og:image:type\" content=\"image\/jpeg\" \/>\n<meta name=\"author\" content=\"pierre-antoine@26lights.com\" \/>\n<meta name=\"twitter:card\" content=\"summary_large_image\" \/>\n<meta name=\"twitter:label1\" content=\"Geschreven door\" \/>\n\t<meta name=\"twitter:data1\" content=\"pierre-antoine@26lights.com\" \/>\n\t<meta name=\"twitter:label2\" content=\"Geschatte leestijd\" \/>\n\t<meta name=\"twitter:data2\" content=\"6 minuten\" \/>\n<script type=\"application\/ld+json\" class=\"yoast-schema-graph\">{\"@context\":\"https:\\\/\\\/schema.org\",\"@graph\":[{\"@type\":\"Article\",\"@id\":\"https:\\\/\\\/www.corsetdaum.be\\\/lessentiel-du-rachis-mai-2025\\\/#article\",\"isPartOf\":{\"@id\":\"https:\\\/\\\/www.corsetdaum.be\\\/lessentiel-du-rachis-mai-2025\\\/\"},\"author\":{\"name\":\"pierre-antoine@26lights.com\",\"@id\":\"https:\\\/\\\/www.corsetdaum.be\\\/#\\\/schema\\\/person\\\/dec0a1f55d90b4a4f3b1285156dfffe6\"},\"headline\":\"L&rsquo;Essentiel du Rachis &#8211; Mai 2025\",\"datePublished\":\"2025-04-25T09:42:54+00:00\",\"dateModified\":\"2025-04-25T09:42:55+00:00\",\"mainEntityOfPage\":{\"@id\":\"https:\\\/\\\/www.corsetdaum.be\\\/lessentiel-du-rachis-mai-2025\\\/\"},\"wordCount\":1150,\"commentCount\":0,\"publisher\":{\"@id\":\"https:\\\/\\\/www.corsetdaum.be\\\/#organization\"},\"image\":{\"@id\":\"https:\\\/\\\/www.corsetdaum.be\\\/lessentiel-du-rachis-mai-2025\\\/#primaryimage\"},\"thumbnailUrl\":\"https:\\\/\\\/www.corsetdaum.be\\\/wp-content\\\/uploads\\\/2025\\\/04\\\/featuredimagemai.jpg\",\"articleSection\":[\"L'Essentiel du Rachis\"],\"inLanguage\":\"nl-BE\",\"potentialAction\":[{\"@type\":\"CommentAction\",\"name\":\"Comment\",\"target\":[\"https:\\\/\\\/www.corsetdaum.be\\\/lessentiel-du-rachis-mai-2025\\\/#respond\"]}]},{\"@type\":\"WebPage\",\"@id\":\"https:\\\/\\\/www.corsetdaum.be\\\/lessentiel-du-rachis-mai-2025\\\/\",\"url\":\"https:\\\/\\\/www.corsetdaum.be\\\/lessentiel-du-rachis-mai-2025\\\/\",\"name\":\"L'Essentiel du Rachis - Mai 2025 - Corset DAUM\",\"isPartOf\":{\"@id\":\"https:\\\/\\\/www.corsetdaum.be\\\/#website\"},\"primaryImageOfPage\":{\"@id\":\"https:\\\/\\\/www.corsetdaum.be\\\/lessentiel-du-rachis-mai-2025\\\/#primaryimage\"},\"image\":{\"@id\":\"https:\\\/\\\/www.corsetdaum.be\\\/lessentiel-du-rachis-mai-2025\\\/#primaryimage\"},\"thumbnailUrl\":\"https:\\\/\\\/www.corsetdaum.be\\\/wp-content\\\/uploads\\\/2025\\\/04\\\/featuredimagemai.jpg\",\"datePublished\":\"2025-04-25T09:42:54+00:00\",\"dateModified\":\"2025-04-25T09:42:55+00:00\",\"breadcrumb\":{\"@id\":\"https:\\\/\\\/www.corsetdaum.be\\\/lessentiel-du-rachis-mai-2025\\\/#breadcrumb\"},\"inLanguage\":\"nl-BE\",\"potentialAction\":[{\"@type\":\"ReadAction\",\"target\":[\"https:\\\/\\\/www.corsetdaum.be\\\/lessentiel-du-rachis-mai-2025\\\/\"]}]},{\"@type\":\"ImageObject\",\"inLanguage\":\"nl-BE\",\"@id\":\"https:\\\/\\\/www.corsetdaum.be\\\/lessentiel-du-rachis-mai-2025\\\/#primaryimage\",\"url\":\"https:\\\/\\\/www.corsetdaum.be\\\/wp-content\\\/uploads\\\/2025\\\/04\\\/featuredimagemai.jpg\",\"contentUrl\":\"https:\\\/\\\/www.corsetdaum.be\\\/wp-content\\\/uploads\\\/2025\\\/04\\\/featuredimagemai.jpg\",\"width\":1920,\"height\":1080},{\"@type\":\"BreadcrumbList\",\"@id\":\"https:\\\/\\\/www.corsetdaum.be\\\/lessentiel-du-rachis-mai-2025\\\/#breadcrumb\",\"itemListElement\":[{\"@type\":\"ListItem\",\"position\":1,\"name\":\"Accueil\",\"item\":\"https:\\\/\\\/www.corsetdaum.be\\\/\"},{\"@type\":\"ListItem\",\"position\":2,\"name\":\"L&rsquo;Essentiel du Rachis &#8211; Mai 2025\"}]},{\"@type\":\"WebSite\",\"@id\":\"https:\\\/\\\/www.corsetdaum.be\\\/#website\",\"url\":\"https:\\\/\\\/www.corsetdaum.be\\\/\",\"name\":\"Corset DAUM\",\"description\":\"Retrouver la libert\u00e9 de bouger !\",\"publisher\":{\"@id\":\"https:\\\/\\\/www.corsetdaum.be\\\/#organization\"},\"potentialAction\":[{\"@type\":\"SearchAction\",\"target\":{\"@type\":\"EntryPoint\",\"urlTemplate\":\"https:\\\/\\\/www.corsetdaum.be\\\/?s={search_term_string}\"},\"query-input\":{\"@type\":\"PropertyValueSpecification\",\"valueRequired\":true,\"valueName\":\"search_term_string\"}}],\"inLanguage\":\"nl-BE\"},{\"@type\":\"Organization\",\"@id\":\"https:\\\/\\\/www.corsetdaum.be\\\/#organization\",\"name\":\"Corset DAUM\",\"url\":\"https:\\\/\\\/www.corsetdaum.be\\\/\",\"logo\":{\"@type\":\"ImageObject\",\"inLanguage\":\"nl-BE\",\"@id\":\"https:\\\/\\\/www.corsetdaum.be\\\/#\\\/schema\\\/logo\\\/image\\\/\",\"url\":\"https:\\\/\\\/www.corsetdaum.be\\\/wp-content\\\/uploads\\\/2020\\\/04\\\/cropped-LOGO-CORSET-DAUM-COULEUR-3.png\",\"contentUrl\":\"https:\\\/\\\/www.corsetdaum.be\\\/wp-content\\\/uploads\\\/2020\\\/04\\\/cropped-LOGO-CORSET-DAUM-COULEUR-3.png\",\"width\":350,\"height\":130,\"caption\":\"Corset DAUM\"},\"image\":{\"@id\":\"https:\\\/\\\/www.corsetdaum.be\\\/#\\\/schema\\\/logo\\\/image\\\/\"}},{\"@type\":\"Person\",\"@id\":\"https:\\\/\\\/www.corsetdaum.be\\\/#\\\/schema\\\/person\\\/dec0a1f55d90b4a4f3b1285156dfffe6\",\"name\":\"pierre-antoine@26lights.com\",\"image\":{\"@type\":\"ImageObject\",\"inLanguage\":\"nl-BE\",\"@id\":\"https:\\\/\\\/secure.gravatar.com\\\/avatar\\\/47368f7d02b82da7740bcc863539a4c6c350b53aa982395015b88c82297cfd7e?s=96&d=mm&r=g\",\"url\":\"https:\\\/\\\/secure.gravatar.com\\\/avatar\\\/47368f7d02b82da7740bcc863539a4c6c350b53aa982395015b88c82297cfd7e?s=96&d=mm&r=g\",\"contentUrl\":\"https:\\\/\\\/secure.gravatar.com\\\/avatar\\\/47368f7d02b82da7740bcc863539a4c6c350b53aa982395015b88c82297cfd7e?s=96&d=mm&r=g\",\"caption\":\"pierre-antoine@26lights.com\"},\"url\":\"https:\\\/\\\/www.corsetdaum.be\\\/nl\\\/author\\\/pierre-antoine26lights-com\\\/\"}]}<\/script>\n<!-- \/ Yoast SEO plugin. -->","yoast_head_json":{"title":"L'Essentiel du Rachis - Mai 2025 - Corset DAUM","robots":{"index":"index","follow":"follow","max-snippet":"max-snippet:-1","max-image-preview":"max-image-preview:large","max-video-preview":"max-video-preview:-1"},"canonical":"https:\/\/www.corsetdaum.be\/nl\/lessentiel-du-rachis-mai-2025\/","og_locale":"nl_BE","og_type":"article","og_title":"L'Essentiel du Rachis - Mai 2025 - Corset DAUM","og_description":"Depuis 2023, Corset Daum rassemble chaque mois les \u00e9tudes scientifiques les plus int\u00e9ressantes concernant le rachis et le traitement des ... Lire plus","og_url":"https:\/\/www.corsetdaum.be\/nl\/lessentiel-du-rachis-mai-2025\/","og_site_name":"Corset DAUM","article_published_time":"2025-04-25T09:42:54+00:00","article_modified_time":"2025-04-25T09:42:55+00:00","og_image":[{"width":1920,"height":1080,"url":"https:\/\/www.corsetdaum.be\/wp-content\/uploads\/2025\/04\/featuredimagemai.jpg","type":"image\/jpeg"}],"author":"pierre-antoine@26lights.com","twitter_card":"summary_large_image","twitter_misc":{"Geschreven door":"pierre-antoine@26lights.com","Geschatte leestijd":"6 minuten"},"schema":{"@context":"https:\/\/schema.org","@graph":[{"@type":"Article","@id":"https:\/\/www.corsetdaum.be\/lessentiel-du-rachis-mai-2025\/#article","isPartOf":{"@id":"https:\/\/www.corsetdaum.be\/lessentiel-du-rachis-mai-2025\/"},"author":{"name":"pierre-antoine@26lights.com","@id":"https:\/\/www.corsetdaum.be\/#\/schema\/person\/dec0a1f55d90b4a4f3b1285156dfffe6"},"headline":"L&rsquo;Essentiel du Rachis &#8211; Mai 2025","datePublished":"2025-04-25T09:42:54+00:00","dateModified":"2025-04-25T09:42:55+00:00","mainEntityOfPage":{"@id":"https:\/\/www.corsetdaum.be\/lessentiel-du-rachis-mai-2025\/"},"wordCount":1150,"commentCount":0,"publisher":{"@id":"https:\/\/www.corsetdaum.be\/#organization"},"image":{"@id":"https:\/\/www.corsetdaum.be\/lessentiel-du-rachis-mai-2025\/#primaryimage"},"thumbnailUrl":"https:\/\/www.corsetdaum.be\/wp-content\/uploads\/2025\/04\/featuredimagemai.jpg","articleSection":["L'Essentiel du Rachis"],"inLanguage":"nl-BE","potentialAction":[{"@type":"CommentAction","name":"Comment","target":["https:\/\/www.corsetdaum.be\/lessentiel-du-rachis-mai-2025\/#respond"]}]},{"@type":"WebPage","@id":"https:\/\/www.corsetdaum.be\/lessentiel-du-rachis-mai-2025\/","url":"https:\/\/www.corsetdaum.be\/lessentiel-du-rachis-mai-2025\/","name":"L'Essentiel du Rachis - Mai 2025 - Corset DAUM","isPartOf":{"@id":"https:\/\/www.corsetdaum.be\/#website"},"primaryImageOfPage":{"@id":"https:\/\/www.corsetdaum.be\/lessentiel-du-rachis-mai-2025\/#primaryimage"},"image":{"@id":"https:\/\/www.corsetdaum.be\/lessentiel-du-rachis-mai-2025\/#primaryimage"},"thumbnailUrl":"https:\/\/www.corsetdaum.be\/wp-content\/uploads\/2025\/04\/featuredimagemai.jpg","datePublished":"2025-04-25T09:42:54+00:00","dateModified":"2025-04-25T09:42:55+00:00","breadcrumb":{"@id":"https:\/\/www.corsetdaum.be\/lessentiel-du-rachis-mai-2025\/#breadcrumb"},"inLanguage":"nl-BE","potentialAction":[{"@type":"ReadAction","target":["https:\/\/www.corsetdaum.be\/lessentiel-du-rachis-mai-2025\/"]}]},{"@type":"ImageObject","inLanguage":"nl-BE","@id":"https:\/\/www.corsetdaum.be\/lessentiel-du-rachis-mai-2025\/#primaryimage","url":"https:\/\/www.corsetdaum.be\/wp-content\/uploads\/2025\/04\/featuredimagemai.jpg","contentUrl":"https:\/\/www.corsetdaum.be\/wp-content\/uploads\/2025\/04\/featuredimagemai.jpg","width":1920,"height":1080},{"@type":"BreadcrumbList","@id":"https:\/\/www.corsetdaum.be\/lessentiel-du-rachis-mai-2025\/#breadcrumb","itemListElement":[{"@type":"ListItem","position":1,"name":"Accueil","item":"https:\/\/www.corsetdaum.be\/"},{"@type":"ListItem","position":2,"name":"L&rsquo;Essentiel du Rachis &#8211; Mai 2025"}]},{"@type":"WebSite","@id":"https:\/\/www.corsetdaum.be\/#website","url":"https:\/\/www.corsetdaum.be\/","name":"Corset DAUM","description":"Retrouver la libert\u00e9 de bouger !","publisher":{"@id":"https:\/\/www.corsetdaum.be\/#organization"},"potentialAction":[{"@type":"SearchAction","target":{"@type":"EntryPoint","urlTemplate":"https:\/\/www.corsetdaum.be\/?s={search_term_string}"},"query-input":{"@type":"PropertyValueSpecification","valueRequired":true,"valueName":"search_term_string"}}],"inLanguage":"nl-BE"},{"@type":"Organization","@id":"https:\/\/www.corsetdaum.be\/#organization","name":"Corset DAUM","url":"https:\/\/www.corsetdaum.be\/","logo":{"@type":"ImageObject","inLanguage":"nl-BE","@id":"https:\/\/www.corsetdaum.be\/#\/schema\/logo\/image\/","url":"https:\/\/www.corsetdaum.be\/wp-content\/uploads\/2020\/04\/cropped-LOGO-CORSET-DAUM-COULEUR-3.png","contentUrl":"https:\/\/www.corsetdaum.be\/wp-content\/uploads\/2020\/04\/cropped-LOGO-CORSET-DAUM-COULEUR-3.png","width":350,"height":130,"caption":"Corset DAUM"},"image":{"@id":"https:\/\/www.corsetdaum.be\/#\/schema\/logo\/image\/"}},{"@type":"Person","@id":"https:\/\/www.corsetdaum.be\/#\/schema\/person\/dec0a1f55d90b4a4f3b1285156dfffe6","name":"pierre-antoine@26lights.com","image":{"@type":"ImageObject","inLanguage":"nl-BE","@id":"https:\/\/secure.gravatar.com\/avatar\/47368f7d02b82da7740bcc863539a4c6c350b53aa982395015b88c82297cfd7e?s=96&d=mm&r=g","url":"https:\/\/secure.gravatar.com\/avatar\/47368f7d02b82da7740bcc863539a4c6c350b53aa982395015b88c82297cfd7e?s=96&d=mm&r=g","contentUrl":"https:\/\/secure.gravatar.com\/avatar\/47368f7d02b82da7740bcc863539a4c6c350b53aa982395015b88c82297cfd7e?s=96&d=mm&r=g","caption":"pierre-antoine@26lights.com"},"url":"https:\/\/www.corsetdaum.be\/nl\/author\/pierre-antoine26lights-com\/"}]}},"_links":{"self":[{"href":"https:\/\/www.corsetdaum.be\/nl\/wp-json\/wp\/v2\/posts\/17734","targetHints":{"allow":["GET"]}}],"collection":[{"href":"https:\/\/www.corsetdaum.be\/nl\/wp-json\/wp\/v2\/posts"}],"about":[{"href":"https:\/\/www.corsetdaum.be\/nl\/wp-json\/wp\/v2\/types\/post"}],"author":[{"embeddable":true,"href":"https:\/\/www.corsetdaum.be\/nl\/wp-json\/wp\/v2\/users\/12"}],"replies":[{"embeddable":true,"href":"https:\/\/www.corsetdaum.be\/nl\/wp-json\/wp\/v2\/comments?post=17734"}],"version-history":[{"count":5,"href":"https:\/\/www.corsetdaum.be\/nl\/wp-json\/wp\/v2\/posts\/17734\/revisions"}],"predecessor-version":[{"id":17740,"href":"https:\/\/www.corsetdaum.be\/nl\/wp-json\/wp\/v2\/posts\/17734\/revisions\/17740"}],"wp:featuredmedia":[{"embeddable":true,"href":"https:\/\/www.corsetdaum.be\/nl\/wp-json\/wp\/v2\/media\/17741"}],"wp:attachment":[{"href":"https:\/\/www.corsetdaum.be\/nl\/wp-json\/wp\/v2\/media?parent=17734"}],"wp:term":[{"taxonomy":"category","embeddable":true,"href":"https:\/\/www.corsetdaum.be\/nl\/wp-json\/wp\/v2\/categories?post=17734"},{"taxonomy":"post_tag","embeddable":true,"href":"https:\/\/www.corsetdaum.be\/nl\/wp-json\/wp\/v2\/tags?post=17734"}],"curies":[{"name":"wp","href":"https:\/\/api.w.org\/{rel}","templated":true}]}}